{"id":64827,"date":"2025-07-25T08:24:03","date_gmt":"2025-07-25T11:24:03","guid":{"rendered":"https:\/\/infovera.com.ar\/web\/?p=64827"},"modified":"2025-07-26T14:44:26","modified_gmt":"2025-07-26T17:44:26","slug":"se-vienen-las-revanchas-de-cuartos-de-final-del-apertura-de-la-lvf","status":"publish","type":"post","link":"https:\/\/infovera.com.ar\/web\/2025\/07\/25\/se-vienen-las-revanchas-de-cuartos-de-final-del-apertura-de-la-lvf\/","title":{"rendered":"Se vienen las revanchas de cuartos de final del Apertura de la LVF"},"content":{"rendered":"<p><strong>Arrancan el s\u00e1bado.<\/strong><\/p>\n<p><span style=\"color: #ff0000;\"><strong>PROGRAMACION TORNEO APERTURA 3\u00aa y 1\u00aa DIV. 2025<\/strong><\/span><br \/>\n<span style=\"color: #ff0000;\"><strong>CUARTOS DE FINAL &#8211; PARTIDO VUELTA<\/strong><\/span><\/p>\n<p><strong>S\u00c1BADO 26.07.2025<\/strong><br \/>\n3\u00aa DIVISI\u00d3N<br \/>\nCALCHAQU\u00cd F.C. vs DEPORTIVO UNI\u00d3N<br \/>\nHorario: 3\u00aa divisi\u00f3n: 17.00 horas<\/p>\n<p>FCR BELGRANO vs ESTUDIANTES UNIDOS<br \/>\nHorario: 3\u00aa divisi\u00f3n: 15.30 horas<\/p>\n<p>CENTRAL SAN JAVIER vs GIMNASIA F.C.<br \/>\nHorario: 3\u00aa divisi\u00f3n: 14.00 horas<\/p>\n<p><strong>DOMINGO 27.07.2025<\/strong><\/p>\n<p>HURAC\u00c1N FBC vs LOS PUMITAS FC<br \/>\nHorario: 3\u00aa divisi\u00f3n: 16.00 horas<\/p>\n<p><strong>CUARTOS DE FINAL &#8211; PARTIDO VUELTA<\/strong><\/p>\n<p><strong>S\u00c1BADO 26.07.2025<\/strong><br \/>\n1\u00aa DIVISI\u00d3N<br \/>\nCENTRAL SAN JAVIER vs FERROCARRIL SANTA FE<br \/>\nHorario: 1\u00aa divisi\u00f3n: 16.00 horas<\/p>\n<p><strong>DOMINGO 27.07.2025<\/strong><br \/>\nC.A. FORT\u00cdN OLMOS vs HURAC\u00c1N DE LA CRIOLLA<\/p>\n<p>FCR BELGRANO vs CALCHAQU\u00cd F.C.<br \/>\nHorario: 1\u00aa divisi\u00f3n: 15.30 hs<\/p>\n<p>GIMNASIA F.C. vs DEPORTIVO ALEJANDRA<br \/>\nHorario: 1\u00aa divisi\u00f3n: 15.00 hs<\/p>\n<p>&nbsp;<\/p>\n","protected":false},"excerpt":{"rendered":"<p>Arrancan el s\u00e1bado. PROGRAMACION TORNEO APERTURA 3\u00aa y 1\u00aa DIV. 2025 CUARTOS DE FINAL &#8211; PARTIDO VUELTA S\u00c1BADO 26.07.2025 3\u00aa DIVISI\u00d3N CALCHAQU\u00cd F.C. vs DEPORTIVO UNI\u00d3N Horario: 3\u00aa divisi\u00f3n: 17.00 horas FCR BELGRANO vs ESTUDIANTES UNIDOS Horario: 3\u00aa divisi\u00f3n: 15.30 horas CENTRAL SAN JAVIER vs GIMNASIA F.C. Horario: 3\u00aa divisi\u00f3n: 14.00 horas DOMINGO 27.07.2025 HURAC\u00c1N [&hellip;]<\/p>\n","protected":false},"author":3,"featured_media":64334,"comment_status":"closed","ping_status":"closed","sticky":false,"template":"","format":"standard","meta":{"_joinchat":[],"footnotes":""},"categories":[31,35,53],"tags":[],"class_list":{"0":"post-64827","1":"post","2":"type-post","3":"status-publish","4":"format-standard","5":"has-post-thumbnail","7":"category-deportes","8":"category-futbol","9":"category-vera"},"_links":{"self":[{"href":"https:\/\/infovera.com.ar\/web\/wp-json\/wp\/v2\/posts\/64827","targetHints":{"allow":["GET"]}}],"collection":[{"href":"https:\/\/infovera.com.ar\/web\/wp-json\/wp\/v2\/posts"}],"about":[{"href":"https:\/\/infovera.com.ar\/web\/wp-json\/wp\/v2\/types\/post"}],"author":[{"embeddable":true,"href":"https:\/\/infovera.com.ar\/web\/wp-json\/wp\/v2\/users\/3"}],"replies":[{"embeddable":true,"href":"https:\/\/infovera.com.ar\/web\/wp-json\/wp\/v2\/comments?post=64827"}],"version-history":[{"count":0,"href":"https:\/\/infovera.com.ar\/web\/wp-json\/wp\/v2\/posts\/64827\/revisions"}],"wp:featuredmedia":[{"embeddable":true,"href":"https:\/\/infovera.com.ar\/web\/wp-json\/wp\/v2\/media\/64334"}],"wp:attachment":[{"href":"https:\/\/infovera.com.ar\/web\/wp-json\/wp\/v2\/media?parent=64827"}],"wp:term":[{"taxonomy":"category","embeddable":true,"href":"https:\/\/infovera.com.ar\/web\/wp-json\/wp\/v2\/categories?post=64827"},{"taxonomy":"post_tag","embeddable":true,"href":"https:\/\/infovera.com.ar\/web\/wp-json\/wp\/v2\/tags?post=64827"}],"curies":[{"name":"wp","href":"https:\/\/api.w.org\/{rel}","templated":true}]}}