{"id":64824,"date":"2025-07-25T08:17:11","date_gmt":"2025-07-25T11:17:11","guid":{"rendered":"https:\/\/infovera.com.ar\/web\/?p=64824"},"modified":"2025-07-26T10:04:31","modified_gmt":"2025-07-26T13:04:31","slug":"se-llevo-a-cabo-la-tercera-sesion-de-la-convencion-reformadora-de-la-constitucion","status":"publish","type":"post","link":"https:\/\/infovera.com.ar\/web\/2025\/07\/25\/se-llevo-a-cabo-la-tercera-sesion-de-la-convencion-reformadora-de-la-constitucion\/","title":{"rendered":"Se llev\u00f3 a cabo la tercera sesi\u00f3n de la Convenci\u00f3n Reformadora de la Constituci\u00f3n"},"content":{"rendered":"<p>En ese marco, se aprob\u00f3 por mayor\u00eda rechazar el pedido de impugnaci\u00f3n presentado contra la convencional Alejandra Marina Oliveras. Tambi\u00e9n se aprob\u00f3 modificar el reglamento interno para permitir que las comisiones se re\u00fanan en otras localidades.<\/p>\n<p>Este jueves se llev\u00f3 a cabo la tercera reuni\u00f3n de la sesi\u00f3n de la Convenci\u00f3n Reformadora de la Constituci\u00f3n de la Provincia de Santa Fe, en la sede de la Legislatura ubicada en la ciudad capital.<\/p>\n<p>Durante la sesi\u00f3n se presentaron los dict\u00e1menes de comisi\u00f3n y los proyectos de resoluci\u00f3n. En ese marco, se dio ingreso al dictamen de mayor\u00eda emitido por la Comisi\u00f3n de Peticiones, Poderes y Reglamento sobre el pedido de impugnaci\u00f3n presentado contra la convencional Alejandra Marina Oliveras, y se rechaz\u00f3 por mayor\u00eda.<\/p>\n<p>Tambi\u00e9n se aprob\u00f3 modificar el proyecto de resoluci\u00f3n acordado en la Comisi\u00f3n de Labor Parlamentaria que propone modificar el reglamento interno de la Convenci\u00f3n Reformadora para permitir que las comisiones se re\u00fanan en otras localidades de la Provincia.<br \/>\nPreviamente, se realizaron diferentes reuniones de comisiones: Comisi\u00f3n de Poder Judicial y otros \u00d3rganos Constitucionales; Comisi\u00f3n de Poder Legislativo y Poder Ejecutivo; Comisi\u00f3n Funcionamiento del Estado y participaci\u00f3n ciudadana; Comisi\u00f3n de Poder Judicial y otros \u00d3rganos Constitucionales; y Comisi\u00f3n Parlamentaria.<\/p>\n","protected":false},"excerpt":{"rendered":"<p>En ese marco, se aprob\u00f3 por mayor\u00eda rechazar el pedido de impugnaci\u00f3n presentado contra la convencional Alejandra Marina Oliveras. Tambi\u00e9n se aprob\u00f3 modificar el reglamento interno para permitir que las comisiones se re\u00fanan en otras localidades. Este jueves se llev\u00f3 a cabo la tercera reuni\u00f3n de la sesi\u00f3n de la Convenci\u00f3n Reformadora de la Constituci\u00f3n [&hellip;]<\/p>\n","protected":false},"author":3,"featured_media":64825,"comment_status":"closed","ping_status":"closed","sticky":false,"template":"","format":"standard","meta":{"_joinchat":[],"footnotes":""},"categories":[76,60],"tags":[],"class_list":{"0":"post-64824","1":"post","2":"type-post","3":"status-publish","4":"format-standard","5":"has-post-thumbnail","7":"category-convencion-constituyente","8":"category-provinciales"},"_links":{"self":[{"href":"https:\/\/infovera.com.ar\/web\/wp-json\/wp\/v2\/posts\/64824","targetHints":{"allow":["GET"]}}],"collection":[{"href":"https:\/\/infovera.com.ar\/web\/wp-json\/wp\/v2\/posts"}],"about":[{"href":"https:\/\/infovera.com.ar\/web\/wp-json\/wp\/v2\/types\/post"}],"author":[{"embeddable":true,"href":"https:\/\/infovera.com.ar\/web\/wp-json\/wp\/v2\/users\/3"}],"replies":[{"embeddable":true,"href":"https:\/\/infovera.com.ar\/web\/wp-json\/wp\/v2\/comments?post=64824"}],"version-history":[{"count":0,"href":"https:\/\/infovera.com.ar\/web\/wp-json\/wp\/v2\/posts\/64824\/revisions"}],"wp:featuredmedia":[{"embeddable":true,"href":"https:\/\/infovera.com.ar\/web\/wp-json\/wp\/v2\/media\/64825"}],"wp:attachment":[{"href":"https:\/\/infovera.com.ar\/web\/wp-json\/wp\/v2\/media?parent=64824"}],"wp:term":[{"taxonomy":"category","embeddable":true,"href":"https:\/\/infovera.com.ar\/web\/wp-json\/wp\/v2\/categories?post=64824"},{"taxonomy":"post_tag","embeddable":true,"href":"https:\/\/infovera.com.ar\/web\/wp-json\/wp\/v2\/tags?post=64824"}],"curies":[{"name":"wp","href":"https:\/\/api.w.org\/{rel}","templated":true}]}}