{"id":64818,"date":"2025-07-25T11:19:40","date_gmt":"2025-07-25T14:19:40","guid":{"rendered":"https:\/\/infovera.com.ar\/web\/?p=64818"},"modified":"2025-07-27T14:55:17","modified_gmt":"2025-07-27T17:55:17","slug":"imputaron-al-femicida-de-analia-ovando-y-el-fiscal-pidio-proteccion-para-la-familia-de-la-victima","status":"publish","type":"post","link":"https:\/\/infovera.com.ar\/web\/2025\/07\/25\/imputaron-al-femicida-de-analia-ovando-y-el-fiscal-pidio-proteccion-para-la-familia-de-la-victima\/","title":{"rendered":"Imputaron al femicida de Anal\u00eda Ovando y el fiscal pidi\u00f3 protecci\u00f3n para la familia de la v\u00edctima"},"content":{"rendered":"<p><strong>El fiscal Norberto R\u00edos le atribuy\u00f3 homicidio doblemente agravado por el v\u00ednculo y por se cometido en contexto de violencia de g\u00e9nero. Prisi\u00f3n preventiva sin plazos.<\/strong><\/p>\n<p>En una audiencia presidida por el juez penal Gonzalo Basualdo, el fiscal Norberto R\u00edos imput\u00f3 al femicida de Anal\u00eda Ovando (25) ocurrido en el interior del local comercial conocido como \u201cMoroco Bar\u201d de Villa Guillermina el jueves 17.<\/p>\n<p><strong>Ulises G\u00f3mez (20) fue encartado por homicidio doblemente agravado, por el v\u00ednculo y por haberse cometido contra una mujer en un contexto de violencia de g\u00e9nero.<\/strong><\/p>\n<p>El representante del MPA los sindic\u00f3 por haber agredido a la joven que fuera su expareja con esta secuencia: la intercept\u00f3, la lesion\u00f3 y finalmente la asesin\u00f3, llev\u00e1ndose una motocicleta que era propiedad de la v\u00edctima.<\/p>\n<p>En tanto, tambi\u00e9n lo acus\u00f3 del robo la moto de la mujer asesinada, que estaba con la llave a\u00fan colocada, para huir del lugar del hecho.<\/p>\n<p>Asimismo, hizo recaer sobre G\u00f3mez la figura de atentado y resistencia contra la autoridad agravado. Esto debido a que al ser interceptado por la polic\u00eda en la localidad de San Antonio de Obligado, el acusado se resisti\u00f3 con violencia, agrediendo a personal policial y a civiles.<\/p>\n<p>R\u00edos hizo constar que todos los hechos concurren materialmente en car\u00e1cter de autor penal, y dej\u00f3 en claro que el primer hecho -el crimen- constituy\u00f3 un acto de violencia de g\u00e9nero conforme a la ley, lo cual agrava la situaci\u00f3n legal del imputado.<\/p>\n<p><strong>M\u00faltiples heridas<\/strong><\/p>\n<p><strong>Seg\u00fan el documento acusatorio, entre las 3:48 y las 5:51 de la madrugada del jueves 17, \u201cG\u00f3mez le quit\u00f3 la vida a Ovando, de 25 a\u00f1os y madre de un menor de 8 a\u00f1os, en un contexto de violencia de g\u00e9nero reiterada\u201d,<\/strong> que incluy\u00f3 amenazas, violaci\u00f3n de domicilio y desobediencia a una medida de distancia impuesta por la Justicia.<\/p>\n<p>La autopsia determin\u00f3 que la v\u00edctima fue asesinada con un elemento punzocortante, el cual le provoc\u00f3 m\u00faltiples heridas en el cuello. La m\u00e1s grave afect\u00f3 el paquete vascular izquierdo, gener\u00e1ndole un shock hipovol\u00e9mico que le caus\u00f3 la muerte.<\/p>\n<p>Tras el ataque, G\u00f3mez cubri\u00f3 el cuerpo con una manta y lo dej\u00f3 tendido en el suelo del local, cerrando el lugar antes de huir en la moto Corven Triax 150 cc.<\/p>\n<p><strong>Represalias<\/strong><\/p>\n<p>Una vez concluida la imputativa, las partes se abocaron en otra audiencia al debate de la medida cautelar. <strong>El fiscal R\u00edos expuso los riesgos procesales latentes consistentes e que, en caso de quedar en libertad, G\u00f3mez pudiera influir en testigos y\/o fugarse del pueblo donde vive. En consecuencia, el juez Basualdo hizo lugar al planteo de la fiscal\u00eda y le dict\u00f3 prisi\u00f3n preventiva sin plazos. Actu\u00f3 como defensora p\u00fablica la Dra. Valeria Lapissonde.<\/strong><\/p>\n<p><strong>Paralelamente, el funcionario solicit\u00f3 protecci\u00f3n para el domicilio donde reside la familia Anal\u00eda Ovando -sus padres y su hijo de 8 a\u00f1os- por temor a que puedan ser objeto de represalias en raz\u00f3n de que Villa Guillermina es una localidad golpeada por las adicciones.<\/strong><\/p>\n<p>Las audiencias se sustanciaron de la siguiente forma: en la OGJ de Las Toscas estuvo el fiscal y los padres de la v\u00edctima, y en los Tribunales de Reconquista, por zoom, el juez y el imputado.<\/p>\n<p><strong>\u201cLa iba a matar\u201d<\/strong><\/p>\n<p>En los d\u00edas sucesivos al femicidio y en medio de marchas en reclamo de justicia, el padre de Anal\u00eda reconstruy\u00f3 en declaraciones a medios de prensa que su hija viv\u00eda con miedo, temerosa porque \u201cdec\u00eda que la iba a matar\u201d. Mart\u00edn Ovando dijo que ech\u00f3 en repetidas oportunidades a G\u00f3mez de su casa y que a ra\u00edz de esos incidentes buscaron asistencia judicial; era claro que la situaci\u00f3n pod\u00eda derivar en algo peor, que fue lo que pas\u00f3. \u201cEs un drogadicto\u201d, lo encuadr\u00f3, en coincidencia con los relatos de otros habitantes de la localidad que dieron cuenta de la vida cercana a las adicciones y la violencia que llevaba G\u00f3mez.<\/p>\n<p>Por otra parte, tres d\u00edas despu\u00e9s del femicidio, la Unidad Regional IX de Polic\u00eda inform\u00f3 el desplazamiento del cuestionado titular de la comisar\u00eda de Villa Guillermina, objetado por incumplir la orden de detenci\u00f3n del femicida: \u201cPor disposici\u00f3n de la Resoluci\u00f3n 384\/05 se design\u00f3 y puso en cargo de jefe de Comisar\u00eda 8va. al subcomisario Mart\u00edn Ramos, procedente de la Subcomisaria 9na. de Ingeniero Chanourdi\u00e9, en reemplazo del inspector Patricio Alegre, quien paso a cumplir funciones en la Inspector\u00eda Zona VI\u201d, consign\u00f3 la departamental de General Obligado en el mediod\u00eda del domingo 20.<\/p>\n<p>&nbsp;<\/p>\n","protected":false},"excerpt":{"rendered":"<p>El fiscal Norberto R\u00edos le atribuy\u00f3 homicidio doblemente agravado por el v\u00ednculo y por se cometido en contexto de violencia de g\u00e9nero. Prisi\u00f3n preventiva sin plazos. En una audiencia presidida por el juez penal Gonzalo Basualdo, el fiscal Norberto R\u00edos imput\u00f3 al femicida de Anal\u00eda Ovando (25) ocurrido en el interior del local comercial conocido [&hellip;]<\/p>\n","protected":false},"author":3,"featured_media":64819,"comment_status":"closed","ping_status":"closed","sticky":false,"template":"","format":"standard","meta":{"_joinchat":[],"footnotes":""},"categories":[30,61],"tags":[],"class_list":{"0":"post-64818","1":"post","2":"type-post","3":"status-publish","4":"format-standard","5":"has-post-thumbnail","7":"category-policiales","8":"category-regionales"},"_links":{"self":[{"href":"https:\/\/infovera.com.ar\/web\/wp-json\/wp\/v2\/posts\/64818","targetHints":{"allow":["GET"]}}],"collection":[{"href":"https:\/\/infovera.com.ar\/web\/wp-json\/wp\/v2\/posts"}],"about":[{"href":"https:\/\/infovera.com.ar\/web\/wp-json\/wp\/v2\/types\/post"}],"author":[{"embeddable":true,"href":"https:\/\/infovera.com.ar\/web\/wp-json\/wp\/v2\/users\/3"}],"replies":[{"embeddable":true,"href":"https:\/\/infovera.com.ar\/web\/wp-json\/wp\/v2\/comments?post=64818"}],"version-history":[{"count":0,"href":"https:\/\/infovera.com.ar\/web\/wp-json\/wp\/v2\/posts\/64818\/revisions"}],"wp:featuredmedia":[{"embeddable":true,"href":"https:\/\/infovera.com.ar\/web\/wp-json\/wp\/v2\/media\/64819"}],"wp:attachment":[{"href":"https:\/\/infovera.com.ar\/web\/wp-json\/wp\/v2\/media?parent=64818"}],"wp:term":[{"taxonomy":"category","embeddable":true,"href":"https:\/\/infovera.com.ar\/web\/wp-json\/wp\/v2\/categories?post=64818"},{"taxonomy":"post_tag","embeddable":true,"href":"https:\/\/infovera.com.ar\/web\/wp-json\/wp\/v2\/tags?post=64818"}],"curies":[{"name":"wp","href":"https:\/\/api.w.org\/{rel}","templated":true}]}}