{"id":64814,"date":"2025-07-25T07:54:16","date_gmt":"2025-07-25T10:54:16","guid":{"rendered":"https:\/\/infovera.com.ar\/web\/?p=64814"},"modified":"2025-07-25T07:55:06","modified_gmt":"2025-07-25T10:55:06","slug":"granata-y-peralta-presentaron-el-proyecto-de-reforma-de-constitucion-de-somos-vida-y-libertad","status":"publish","type":"post","link":"https:\/\/infovera.com.ar\/web\/2025\/07\/25\/granata-y-peralta-presentaron-el-proyecto-de-reforma-de-constitucion-de-somos-vida-y-libertad\/","title":{"rendered":"Granata y Peralta presentaron el proyecto de reforma de la Constituci\u00f3n del bloque Somos Vida y Libertad"},"content":{"rendered":"<p>El proyecto aborda la mayor\u00eda de los art\u00edculos y temas habilitados a reforma.<\/p>\n<p>\u201cAlgunos puntos nofueron objetos de reforma, por motivos distintos: hay ciertos art\u00edculos que creemos que no merecenreforma -por ejemplo el art\u00edculo 112 de la Constituci\u00f3n-; y otros, porque la ley estableci\u00f3 unsentido con el cual no estamos de acuerdo -como por ejemplo, lo que tiene que ver con los art\u00edculos106 y 107 de r\u00e9gimen y autonom\u00eda municipal-\u201d, aclar\u00f3 Emiliano Peralta.<\/p>\n<p>Entrando en el esp\u00edritu del texto, Peralta explic\u00f3 que \u201ces un proyecto de Constituci\u00f3ntremendamente republicano en lo institucional, que en lo tributario es de car\u00e1cter procontribuyente y en aspectos sociales o culturales es de sentido com\u00fan, al que a veces se lo tilda deconservador.<\/p>\n<p>&#8220;En lo que hace a declaraciones, derechos y garant\u00edas el proyecto incorpora la neutralidad religiosadel estado, pero asegura la libertad religiosa, el derecho de ejercerla p\u00fablicamente y en oficinasp\u00fablicas y hace un reconocimiento a la labor hist\u00f3rica y actual de la Iglesia Cat\u00f3lica y de otroscredos.Tambi\u00e9n especifica un sistema tributario basado en la igualdad ante la ley y el principio de legalidadsin admitir delegaci\u00f3n de facultades al ejecutivo, a la vez que prev\u00e9 el principio de que no existetasa sin contraprestaci\u00f3n efectiva y proh\u00edbe tambi\u00e9n la doble imposici\u00f3n (es decir, que impuestosmunicipales, provinciales y nacionales graven una misma cuesti\u00f3n).Incorpora regulaci\u00f3n sobre acci\u00f3n de amparo, h\u00e1beas data, derechos digitales y los derechos delibertad de prensa, expresi\u00f3n y r\u00e9plica.<\/p>\n<p>En materia electoral, introduce ficha limpia como requisito para ejercer a cargos p\u00fablicos y crea unajurisdicci\u00f3n aut\u00f3noma al Tribunal Electoral.<\/p>\n<p>En lo que hace a los cargos electorales, limita todas las reelecciones a una sola vez y, para el casodel gobernador, se aplica para quien asuma en 2027.\u201cEs importante destacar tambi\u00e9n que todos los legisladores ya no tendr\u00e1n inmunidad de arresto nide proceso; es decir, el que comete un delito es investigado y puede ser arrestado como cualquierhijo de vecino. La \u00fanica inmunidad que se deja, es la de opini\u00f3n\u201d, resalt\u00f3 el Convencional.<\/p>\n<p>Siguiendo con la Legislatura, elimina la posibilidad de acuerdos t\u00e1citos a nombramientos delejecutivo (es decir, aquellos que son dados por el paso del tiempo ante el silencio de la legislatura) yfija el inicio de las sesiones el 1 de Marzo y su finalizaci\u00f3n el 30 de Noviembre con posibilidad desesiones extraordinarias.En lo que hace a justicia, crea un Consejo de la Magistratura encargado de la selecci\u00f3n de juecesbasado en tribunal examinador, antecedentes y m\u00e9ritos, \u201csin presencia de miembros del poderejecutivo, para quitar a la pol\u00edtica del medio\u201d dijo Peralta y crea, como manda la Constituci\u00f3nNacional, un \u201c\u00f3rgano extrapoder\u201d para el Ministerio P\u00fablico de la Acusaci\u00f3n (es decir, los fiscalesde la Provincia) fuera de la influencia de la Corte y del Poder Ejecutivo, pero respetando losderechos de los trabajadores del poder judicial que hoy se desempe\u00f1an en el Ministerio P\u00fablico.<\/p>\n<p>Por \u00faltimo, incorpora disposiciones sobre servicios p\u00fablicos (eficiencia, transparencia y audienciasp\u00fablicas), derechos de consumidores y usuarios, la protecci\u00f3n del medio ambiente en armon\u00eda conel desarrollo econ\u00f3mico y productivo y la defensa del reclamo imprescriptible e inclaudicable sobrela soberan\u00eda argentina en las Islas Malvinas y la Ant\u00e1rtida Argentina<\/p>\n","protected":false},"excerpt":{"rendered":"<p>El proyecto aborda la mayor\u00eda de los art\u00edculos y temas habilitados a reforma. \u201cAlgunos puntos nofueron objetos de reforma, por motivos distintos: hay ciertos art\u00edculos que creemos que no merecenreforma -por ejemplo el art\u00edculo 112 de la Constituci\u00f3n-; y otros, porque la ley estableci\u00f3 unsentido con el cual no estamos de acuerdo -como por ejemplo, [&hellip;]<\/p>\n","protected":false},"author":3,"featured_media":64815,"comment_status":"closed","ping_status":"closed","sticky":false,"template":"","format":"standard","meta":{"_joinchat":[],"footnotes":""},"categories":[76,60],"tags":[],"class_list":{"0":"post-64814","1":"post","2":"type-post","3":"status-publish","4":"format-standard","5":"has-post-thumbnail","7":"category-convencion-constituyente","8":"category-provinciales"},"_links":{"self":[{"href":"https:\/\/infovera.com.ar\/web\/wp-json\/wp\/v2\/posts\/64814","targetHints":{"allow":["GET"]}}],"collection":[{"href":"https:\/\/infovera.com.ar\/web\/wp-json\/wp\/v2\/posts"}],"about":[{"href":"https:\/\/infovera.com.ar\/web\/wp-json\/wp\/v2\/types\/post"}],"author":[{"embeddable":true,"href":"https:\/\/infovera.com.ar\/web\/wp-json\/wp\/v2\/users\/3"}],"replies":[{"embeddable":true,"href":"https:\/\/infovera.com.ar\/web\/wp-json\/wp\/v2\/comments?post=64814"}],"version-history":[{"count":0,"href":"https:\/\/infovera.com.ar\/web\/wp-json\/wp\/v2\/posts\/64814\/revisions"}],"wp:featuredmedia":[{"embeddable":true,"href":"https:\/\/infovera.com.ar\/web\/wp-json\/wp\/v2\/media\/64815"}],"wp:attachment":[{"href":"https:\/\/infovera.com.ar\/web\/wp-json\/wp\/v2\/media?parent=64814"}],"wp:term":[{"taxonomy":"category","embeddable":true,"href":"https:\/\/infovera.com.ar\/web\/wp-json\/wp\/v2\/categories?post=64814"},{"taxonomy":"post_tag","embeddable":true,"href":"https:\/\/infovera.com.ar\/web\/wp-json\/wp\/v2\/tags?post=64814"}],"curies":[{"name":"wp","href":"https:\/\/api.w.org\/{rel}","templated":true}]}}