{"id":64809,"date":"2025-07-24T18:01:34","date_gmt":"2025-07-24T21:01:34","guid":{"rendered":"https:\/\/infovera.com.ar\/web\/?p=64809"},"modified":"2025-07-24T18:01:34","modified_gmt":"2025-07-24T21:01:34","slug":"el-espacio-que-lidera-omar-perotti-reunio-a-su-dirigencia-con-la-mirada-puesta-en-el-futuro","status":"publish","type":"post","link":"https:\/\/infovera.com.ar\/web\/2025\/07\/24\/el-espacio-que-lidera-omar-perotti-reunio-a-su-dirigencia-con-la-mirada-puesta-en-el-futuro\/","title":{"rendered":"El espacio que lidera Omar Perotti reuni\u00f3 a su dirigencia con la mirada puesta en el futuro"},"content":{"rendered":"<p>Con una amplia participaci\u00f3n de dirigentes de toda la provincia, el perottismo volvi\u00f3 a reunirse en Santa Fe para reafirmar su vocaci\u00f3n de construir una alternativa pol\u00edtica con experiencia, cercan\u00eda y equipos preparados. En un contexto de crisis y desconexi\u00f3n entre el poder y la ciudadan\u00eda, el espacio propuso una hoja de ruta basada en gesti\u00f3n, territorialidad y una visi\u00f3n de futuro compartida.<\/p>\n<p>Con una fuerte impronta territorial, las de 300 referentes de toda la bota santafesina confluy\u00f3 este jueves en la capital provincial para dar un mensaje claro: hay una fuerza viva, con equipos, visi\u00f3n pol\u00edtica y sentido de Estado, decidida a pensar y construir el futuro de Santa Fe.<\/p>\n<p>El encuentro fue convocado por el espacio liderado por Omar Perotti, y reuni\u00f3 a legisladores, equipos t\u00e9cnicos y cuadros territoriales que, incluso tras el cierre de la gesti\u00f3n, no dejaron de trabajar en propuestas y proyectos para la provincia.<\/p>\n<p>\u201cEl justicialismo perdi\u00f3 5 de las \u00faltimas 6 elecciones nacionales. Seguir de la misma forma no va a dar resultados diferentes\u201d, dijo Perotti durante la jornada, con un llamado directo a revisar las pr\u00e1cticas y romper con las l\u00f3gicas internas del reparto de cargos. \u201cMe quedo con la franquicia, s\u00e9 que soy de tal agrupaci\u00f3n y esa agrupaci\u00f3n va a tener un cargo\u2026 eso no va m\u00e1s. Hay que salir del molde\u201d.<\/p>\n<p>Se pusieron en valor los m\u00e1s de 400 proyectos legislativos presentados por la bancada Hacemos Santa Fe \u2014m\u00e1s de 70 de ellos iniciativas de ley\u2014 la mayor\u00eda surgidos de los equipos t\u00e9cnicos que mantuvieron reuniones durante este tiempo, y se destac\u00f3 la necesidad de seguir convocando a nuevos actores, nuevas ideas y nuevas generaciones, sin perder la ra\u00edz de gesti\u00f3n, conocimiento y compromiso que identifican al espacio.<\/p>\n<p>\u201cLa pol\u00edtica es sue\u00f1os, la pol\u00edtica es esperanzas\u201d, dijo Perotti. \u201c\u00bfQu\u00e9 tenemos para decirle a los que van perdiendo el empleo, a los jubilados, a los que trabajan en la informalidad? \u00bfCu\u00e1l es nuestra propuesta?. Eso hay que construirlo. Y para eso hay que tener equipo\u2026 y ac\u00e1 hay equipo\u201d.<\/p>\n<p>En ese mismo sentido, se acord\u00f3 continuar el trabajo a trav\u00e9s de encuentros regionales que desembocar\u00e1n en un plenario en Rosario antes de fin de a\u00f1o. \u201cConvocar para ampliar. Convocar desde una identidad forjada en la experiencia, en la gesti\u00f3n, en la vocaci\u00f3n por seguir aprendiendo\u201d, sintetiz\u00f3 uno de los participantes.<\/p>\n<p>Desde Santa Fe, una alternativa pol\u00edtica reafirma su compromiso con la construcci\u00f3n colectiva. Con contenido, equipos y territorio, el perotismo vuelve a decir presente.<\/p>\n","protected":false},"excerpt":{"rendered":"<p>Con una amplia participaci\u00f3n de dirigentes de toda la provincia, el perottismo volvi\u00f3 a reunirse en Santa Fe para reafirmar su vocaci\u00f3n de construir una alternativa pol\u00edtica con experiencia, cercan\u00eda y equipos preparados. En un contexto de crisis y desconexi\u00f3n entre el poder y la ciudadan\u00eda, el espacio propuso una hoja de ruta basada en [&hellip;]<\/p>\n","protected":false},"author":3,"featured_media":64810,"comment_status":"closed","ping_status":"closed","sticky":false,"template":"","format":"standard","meta":{"_joinchat":[],"footnotes":""},"categories":[60],"tags":[],"class_list":{"0":"post-64809","1":"post","2":"type-post","3":"status-publish","4":"format-standard","5":"has-post-thumbnail","7":"category-provinciales"},"_links":{"self":[{"href":"https:\/\/infovera.com.ar\/web\/wp-json\/wp\/v2\/posts\/64809","targetHints":{"allow":["GET"]}}],"collection":[{"href":"https:\/\/infovera.com.ar\/web\/wp-json\/wp\/v2\/posts"}],"about":[{"href":"https:\/\/infovera.com.ar\/web\/wp-json\/wp\/v2\/types\/post"}],"author":[{"embeddable":true,"href":"https:\/\/infovera.com.ar\/web\/wp-json\/wp\/v2\/users\/3"}],"replies":[{"embeddable":true,"href":"https:\/\/infovera.com.ar\/web\/wp-json\/wp\/v2\/comments?post=64809"}],"version-history":[{"count":0,"href":"https:\/\/infovera.com.ar\/web\/wp-json\/wp\/v2\/posts\/64809\/revisions"}],"wp:featuredmedia":[{"embeddable":true,"href":"https:\/\/infovera.com.ar\/web\/wp-json\/wp\/v2\/media\/64810"}],"wp:attachment":[{"href":"https:\/\/infovera.com.ar\/web\/wp-json\/wp\/v2\/media?parent=64809"}],"wp:term":[{"taxonomy":"category","embeddable":true,"href":"https:\/\/infovera.com.ar\/web\/wp-json\/wp\/v2\/categories?post=64809"},{"taxonomy":"post_tag","embeddable":true,"href":"https:\/\/infovera.com.ar\/web\/wp-json\/wp\/v2\/tags?post=64809"}],"curies":[{"name":"wp","href":"https:\/\/api.w.org\/{rel}","templated":true}]}}