{"id":64805,"date":"2025-07-24T17:51:53","date_gmt":"2025-07-24T20:51:53","guid":{"rendered":"https:\/\/infovera.com.ar\/web\/?p=64805"},"modified":"2025-07-25T18:41:17","modified_gmt":"2025-07-25T21:41:17","slug":"desmienten-pedidos-de-renuncias-al-gabinete-municipal-no-hay-una-sola-denuncia-por-corrupcion","status":"publish","type":"post","link":"https:\/\/infovera.com.ar\/web\/2025\/07\/24\/desmienten-pedidos-de-renuncias-al-gabinete-municipal-no-hay-una-sola-denuncia-por-corrupcion\/","title":{"rendered":"Desmienten pedidos de renuncias al gabinete municipal: &#8220;Tenemos un equipo honrado y \u00e9tico; no hay una sola denuncia por corrupci\u00f3n\u201d"},"content":{"rendered":"<p><strong>\u201cTenemos un equipo honrado, \u00e9tico y con resultados concretos. \u00bfPor qu\u00e9 cambiarlo?\u201d, respondieron fuentes allegadas a la intendente Paula Mitre ante versiones sobre eventuales cambios en el Ejecutivo local.<\/strong><\/p>\n<p>La especie que circul\u00f3 con fuerza en los \u00faltimos d\u00edas daba cuenta que la mandataria hab\u00eda solicitado la renuncia de los miembros de su gabinete, para supuestamente evaluar el desempe\u00f1o de cada uno, y que esa decisi\u00f3n obedec\u00eda a la necesidad de efectuar reacomodamientos, bajas y nuevas designaciones luego de la deficiente performance electoral del 29 de junio pasado, donde si bien su candidato pudo entrar al Concejo, lo hizo con lo justo.<\/p>\n<p>Ante la consulta de <strong>InfoVera<\/strong>, desde el entorno pol\u00edtico de Mitre salieron al cruce de las versiones que circularon\u00a0 sobre supuestas renuncias o pedidos de salida de integrantes del equipo de gobierno. \u201cPaula ni lo pens\u00f3 a eso. Adem\u00e1s, el tema del resultado electoral era previsible, hubo cierta confusi\u00f3n generalizada por la forma en que se maneja Milei. Pero estamos bien, y vamos a ganar otra vez en 2027\u201d, aseguraron.<\/p>\n<p>\u201cAc\u00e1 no hay ninguna modificaci\u00f3n prevista en el gabinete. Son gente honrada y \u00e9tica, un insumo dif\u00edcil en estos tiempos. Esta es una gesti\u00f3n intachable, que piensa a mediano y largo plazo\u201d, se\u00f1alaron.<\/p>\n<p>En esa l\u00ednea, destacaron que se han logrado \u201ccosas que eran imposibles a\u00f1os atr\u00e1s\u201d en materia de obras hidr\u00e1ulicas, la Plaza, la Terminal, la UTI -que falta completar-, la Planta Transformadora de Energ\u00eda; el Parque Industrial en camino, decenas de maquinarias nuevas&#8230; y todo pago. Sueldos al d\u00eda, se paga cada 30 del mes, proveedores tambi\u00e9n. Nunca tuvieron que llamar para cobrar\u201d.<\/p>\n<p>Tambi\u00e9n subrayaron que en estos cinco a\u00f1os no se registr\u00f3 \u201cuna sola denuncia por corrupci\u00f3n\u201d. \u201cJam\u00e1s confrontamos ni hacemos operaciones de prensa para destruir a alguien. \u00a1Jam\u00e1s! Libertad de prensa absoluta. \u00bfQu\u00e9 m\u00e1s se puede pedir? \u00bfPor qu\u00e9 vas a cambiar un equipo as\u00ed? \u00a1Ni loco!\u201d, concluyeron.<\/p>\n","protected":false},"excerpt":{"rendered":"<p>\u201cTenemos un equipo honrado, \u00e9tico y con resultados concretos. \u00bfPor qu\u00e9 cambiarlo?\u201d, respondieron fuentes allegadas a la intendente Paula Mitre ante versiones sobre eventuales cambios en el Ejecutivo local. La especie que circul\u00f3 con fuerza en los \u00faltimos d\u00edas daba cuenta que la mandataria hab\u00eda solicitado la renuncia de los miembros de su gabinete, para [&hellip;]<\/p>\n","protected":false},"author":3,"featured_media":64813,"comment_status":"closed","ping_status":"closed","sticky":false,"template":"","format":"standard","meta":{"_joinchat":[],"footnotes":""},"categories":[53],"tags":[],"class_list":{"0":"post-64805","1":"post","2":"type-post","3":"status-publish","4":"format-standard","5":"has-post-thumbnail","7":"category-vera"},"_links":{"self":[{"href":"https:\/\/infovera.com.ar\/web\/wp-json\/wp\/v2\/posts\/64805","targetHints":{"allow":["GET"]}}],"collection":[{"href":"https:\/\/infovera.com.ar\/web\/wp-json\/wp\/v2\/posts"}],"about":[{"href":"https:\/\/infovera.com.ar\/web\/wp-json\/wp\/v2\/types\/post"}],"author":[{"embeddable":true,"href":"https:\/\/infovera.com.ar\/web\/wp-json\/wp\/v2\/users\/3"}],"replies":[{"embeddable":true,"href":"https:\/\/infovera.com.ar\/web\/wp-json\/wp\/v2\/comments?post=64805"}],"version-history":[{"count":0,"href":"https:\/\/infovera.com.ar\/web\/wp-json\/wp\/v2\/posts\/64805\/revisions"}],"wp:featuredmedia":[{"embeddable":true,"href":"https:\/\/infovera.com.ar\/web\/wp-json\/wp\/v2\/media\/64813"}],"wp:attachment":[{"href":"https:\/\/infovera.com.ar\/web\/wp-json\/wp\/v2\/media?parent=64805"}],"wp:term":[{"taxonomy":"category","embeddable":true,"href":"https:\/\/infovera.com.ar\/web\/wp-json\/wp\/v2\/categories?post=64805"},{"taxonomy":"post_tag","embeddable":true,"href":"https:\/\/infovera.com.ar\/web\/wp-json\/wp\/v2\/tags?post=64805"}],"curies":[{"name":"wp","href":"https:\/\/api.w.org\/{rel}","templated":true}]}}