{"id":64802,"date":"2025-07-24T17:29:47","date_gmt":"2025-07-24T20:29:47","guid":{"rendered":"https:\/\/infovera.com.ar\/web\/?p=64802"},"modified":"2025-07-25T14:29:00","modified_gmt":"2025-07-25T17:29:00","slug":"el-gobierno-provincial-presento-una-guia-integral-para-actuar-ante-casos-de-violencia-de-genero","status":"publish","type":"post","link":"https:\/\/infovera.com.ar\/web\/2025\/07\/24\/el-gobierno-provincial-presento-una-guia-integral-para-actuar-ante-casos-de-violencia-de-genero\/","title":{"rendered":"El gobierno provincial present\u00f3 una gu\u00eda integral para actuar ante casos de violencia de g\u00e9nero"},"content":{"rendered":"<p><strong>El documento, elaborado por la Secretar\u00eda de Mujeres, G\u00e9nero y Diversidad, re\u00fane informaci\u00f3n clara y concreta para brindar orientaci\u00f3n y acompa\u00f1amiento a mujeres y personas LGBTI+ en situaciones de violencia.<\/strong><\/p>\n<p>Con el objetivo de fortalecer las pol\u00edticas p\u00fablicas de prevenci\u00f3n y erradicaci\u00f3n de las violencias, el Gobierno de la provincia de Santa Fe, a trav\u00e9s del Ministerio de Igualdad y Desarrollo Humano, present\u00f3 la Gu\u00eda para acompa\u00f1ar a mujeres y personas LGBTI+ que atraviesan situaciones de violencia por motivos de g\u00e9nero.<\/p>\n<p>Este nuevo recurso, ya disponible en la p\u00e1gina oficial del Gobierno provincial\u00a0<a href=\"https:\/\/www.santafe.gob.ar\/leymicaela\/guia\/\">https:\/\/www.santafe.gob.ar\/leymicaela\/guia\/\u00a0<\/a>brinda informaci\u00f3n clara, accesible y pr\u00e1ctica para actuar ante situaciones de violencia de g\u00e9nero en todo el territorio santafesino. La gu\u00eda est\u00e1 dirigida tanto a personas que atraviesan estas situaciones como a quienes buscan acompa\u00f1arlas o asesorarlas, y re\u00fane datos clave sobre derechos, canales para realizar denuncias, instituciones de referencia y dispositivos provinciales de atenci\u00f3n.<\/p>\n<p>En este sentido, la secretaria de Mujeres, G\u00e9nero y Diversidad, Alicia Tate, indic\u00f3 que \u201cestamos trabajando con mucho empe\u00f1o para fortalecer las herramientas que permitan prevenir, detectar y acompa\u00f1ar situaciones de violencia por motivos de g\u00e9nero a lo largo y a lo ancho de la provincia. En ese marco desarrollamos una gu\u00eda de acompa\u00f1amiento, que es una herramienta clara, accesible, pensada para quienes atraviesan estas situaciones y tambi\u00e9n para quienes acompa\u00f1an. La gu\u00eda responde preguntas fundamentales \u00bfQu\u00e9 puedo hacer si estoy en una situaci\u00f3n de violencia? \u00bfA d\u00f3nde puedo denunciar? \u00bfA qu\u00e9 instituciones puedo acudir? \u00bfQu\u00e9 derechos tengo, qu\u00e9 recursos existen para que yo pueda disponer?\u201d<\/p>\n<p>La gu\u00eda se enmarca en una estrategia integral que busca garantizar el acceso a derechos y construir entornos seguros para todas las personas, en articulaci\u00f3n con organismos locales, provinciales y organizaciones sociales.<\/p>\n<p>\u201cPensamos en esta gu\u00eda como un recurso pr\u00e1ctico, que pueda usarse en el momento en que m\u00e1s se necesita. Es un paso m\u00e1s en la construcci\u00f3n de un Estado presente, de un Estado sensible y comprometido con garantizar el derecho a vivir una vida libre de violencias\u201d, cerr\u00f3 la funcionaria.<\/p>\n","protected":false},"excerpt":{"rendered":"<p>El documento, elaborado por la Secretar\u00eda de Mujeres, G\u00e9nero y Diversidad, re\u00fane informaci\u00f3n clara y concreta para brindar orientaci\u00f3n y acompa\u00f1amiento a mujeres y personas LGBTI+ en situaciones de violencia. Con el objetivo de fortalecer las pol\u00edticas p\u00fablicas de prevenci\u00f3n y erradicaci\u00f3n de las violencias, el Gobierno de la provincia de Santa Fe, a trav\u00e9s [&hellip;]<\/p>\n","protected":false},"author":3,"featured_media":64803,"comment_status":"closed","ping_status":"closed","sticky":false,"template":"","format":"standard","meta":{"_joinchat":[],"footnotes":""},"categories":[60],"tags":[],"class_list":{"0":"post-64802","1":"post","2":"type-post","3":"status-publish","4":"format-standard","5":"has-post-thumbnail","7":"category-provinciales"},"_links":{"self":[{"href":"https:\/\/infovera.com.ar\/web\/wp-json\/wp\/v2\/posts\/64802","targetHints":{"allow":["GET"]}}],"collection":[{"href":"https:\/\/infovera.com.ar\/web\/wp-json\/wp\/v2\/posts"}],"about":[{"href":"https:\/\/infovera.com.ar\/web\/wp-json\/wp\/v2\/types\/post"}],"author":[{"embeddable":true,"href":"https:\/\/infovera.com.ar\/web\/wp-json\/wp\/v2\/users\/3"}],"replies":[{"embeddable":true,"href":"https:\/\/infovera.com.ar\/web\/wp-json\/wp\/v2\/comments?post=64802"}],"version-history":[{"count":0,"href":"https:\/\/infovera.com.ar\/web\/wp-json\/wp\/v2\/posts\/64802\/revisions"}],"wp:featuredmedia":[{"embeddable":true,"href":"https:\/\/infovera.com.ar\/web\/wp-json\/wp\/v2\/media\/64803"}],"wp:attachment":[{"href":"https:\/\/infovera.com.ar\/web\/wp-json\/wp\/v2\/media?parent=64802"}],"wp:term":[{"taxonomy":"category","embeddable":true,"href":"https:\/\/infovera.com.ar\/web\/wp-json\/wp\/v2\/categories?post=64802"},{"taxonomy":"post_tag","embeddable":true,"href":"https:\/\/infovera.com.ar\/web\/wp-json\/wp\/v2\/tags?post=64802"}],"curies":[{"name":"wp","href":"https:\/\/api.w.org\/{rel}","templated":true}]}}