{"id":64796,"date":"2025-07-24T13:49:36","date_gmt":"2025-07-24T16:49:36","guid":{"rendered":"https:\/\/infovera.com.ar\/web\/?p=64796"},"modified":"2025-07-25T14:19:18","modified_gmt":"2025-07-25T17:19:18","slug":"el-viernes-se-juega-la-final-de-ida-del-apertura-entre-huracan-sj-y-el-circulo","status":"publish","type":"post","link":"https:\/\/infovera.com.ar\/web\/2025\/07\/24\/el-viernes-se-juega-la-final-de-ida-del-apertura-entre-huracan-sj-y-el-circulo\/","title":{"rendered":"El viernes se juega la final de ida del Apertura entre Hurac\u00e1n SJ y el C\u00edrculo"},"content":{"rendered":"<p><strong>Las finales del Torneo Apertura 2025 de la ARBB en mayores tendr\u00e1 su primer cap\u00edtulo el viernes 25.<\/strong><\/p>\n<p>La final de ida entre Hurac\u00e1n SJ y el C\u00edrculo de Vera se jugar\u00e1 en el estadio del equipo costero a las 21, reeditando lo ocurrido en 2024 cuando se ambos equipos se enfrentaron e id\u00e9ntica instancia con resultado favorable al equipo sanjavierino.<\/p>\n<p><strong>TORNEO APERTURA 2025 MAYORES<\/strong><\/p>\n<p>1\u00ba Partido de la final<\/p>\n<p>Viernes Hurac\u00e1n SJ vs C\u00edrculo Vera Mayores 21:00 hs<\/p>\n<p><strong>Formativas<\/strong><\/p>\n<p>Comienzan las categor\u00edas formativas en U13, U15 y U13 dividos en zona Norte:<br \/>\nC\u00edrculo Vera, Juventud de Malabrigo, Adelante y Platense Reconquista y Uni\u00f3n Avellaneda.<br \/>\nZona Sur: Hurac\u00e1n y Central San Javier, Belgrano de Crespo y Centro recreativo Calchaqu\u00ed.<\/p>\n<p><strong>TORNEO OFICIAL 2025 \u2013 Partidos a disputarse<\/strong><\/p>\n<p>S\u00e1bado 26\/07 Central SJ vs Hurac\u00e1n SJ U13 16:00 hs<\/p>\n<p>S\u00e1bado 26\/07 Central SJ vs Hurac\u00e1n SJ U15 18:00 hs<\/p>\n<p>S\u00e1bado 26\/07 Central SJ vs Hurac\u00e1n SJ U17 20:00 hs<\/p>\n<p><strong>Domingo 27\/07<\/strong><\/p>\n<p>Juventud vs C\u00edrculo Vera U13 11:00 hs<\/p>\n<p>Domingo 27\/07 Juventud vs C\u00edrculo Vera U15 13:00 hs<\/p>\n<p>Domingo 27\/07 Juventud vs C\u00edrculo Vera U17 15:00 hs<\/p>\n<p><strong>TORNEO OFICIAL 2025 MAYORES (Femenino)<\/strong><\/p>\n<p>Partidos a disputarse en Platense (Reconquista)<\/p>\n<p>Domingo 27\/07 C\u00edrculo Vera vs Uni\u00f3n 15:00 hs<\/p>\n<p>Domingo 27\/07 Platense vs Mitre La Gallareta 16:30 hs<\/p>\n<p>Domingo 27\/07 Uni\u00f3n vs Mitre La Gallareta 18:00 hs<\/p>\n","protected":false},"excerpt":{"rendered":"<p>Las finales del Torneo Apertura 2025 de la ARBB en mayores tendr\u00e1 su primer cap\u00edtulo el viernes 25. La final de ida entre Hurac\u00e1n SJ y el C\u00edrculo de Vera se jugar\u00e1 en el estadio del equipo costero a las 21, reeditando lo ocurrido en 2024 cuando se ambos equipos se enfrentaron e id\u00e9ntica instancia [&hellip;]<\/p>\n","protected":false},"author":3,"featured_media":64797,"comment_status":"closed","ping_status":"closed","sticky":false,"template":"","format":"standard","meta":{"_joinchat":[],"footnotes":""},"categories":[31,53],"tags":[],"class_list":{"0":"post-64796","1":"post","2":"type-post","3":"status-publish","4":"format-standard","5":"has-post-thumbnail","7":"category-deportes","8":"category-vera"},"_links":{"self":[{"href":"https:\/\/infovera.com.ar\/web\/wp-json\/wp\/v2\/posts\/64796","targetHints":{"allow":["GET"]}}],"collection":[{"href":"https:\/\/infovera.com.ar\/web\/wp-json\/wp\/v2\/posts"}],"about":[{"href":"https:\/\/infovera.com.ar\/web\/wp-json\/wp\/v2\/types\/post"}],"author":[{"embeddable":true,"href":"https:\/\/infovera.com.ar\/web\/wp-json\/wp\/v2\/users\/3"}],"replies":[{"embeddable":true,"href":"https:\/\/infovera.com.ar\/web\/wp-json\/wp\/v2\/comments?post=64796"}],"version-history":[{"count":0,"href":"https:\/\/infovera.com.ar\/web\/wp-json\/wp\/v2\/posts\/64796\/revisions"}],"wp:featuredmedia":[{"embeddable":true,"href":"https:\/\/infovera.com.ar\/web\/wp-json\/wp\/v2\/media\/64797"}],"wp:attachment":[{"href":"https:\/\/infovera.com.ar\/web\/wp-json\/wp\/v2\/media?parent=64796"}],"wp:term":[{"taxonomy":"category","embeddable":true,"href":"https:\/\/infovera.com.ar\/web\/wp-json\/wp\/v2\/categories?post=64796"},{"taxonomy":"post_tag","embeddable":true,"href":"https:\/\/infovera.com.ar\/web\/wp-json\/wp\/v2\/tags?post=64796"}],"curies":[{"name":"wp","href":"https:\/\/api.w.org\/{rel}","templated":true}]}}