{"id":64792,"date":"2025-07-23T21:44:27","date_gmt":"2025-07-24T00:44:27","guid":{"rendered":"https:\/\/infovera.com.ar\/web\/?p=64792"},"modified":"2025-07-23T21:44:27","modified_gmt":"2025-07-24T00:44:27","slug":"reconquista-pdi-detuvo-al-supuesto-autor-de-abuso-sexual-de-una-menor","status":"publish","type":"post","link":"https:\/\/infovera.com.ar\/web\/2025\/07\/23\/reconquista-pdi-detuvo-al-supuesto-autor-de-abuso-sexual-de-una-menor\/","title":{"rendered":"Reconquista: PDI detuvo al supuesto autor de abuso sexual de una menor"},"content":{"rendered":"<p>Justicia Interviniente Fiscal A\/C Dr. Valentin Here\u00f1u.<\/p>\n<p>La Policia de Investigaciones dependiente de la orbita del Ministerio de Justicia y Seguridad de la Provincia de Sanata Fe, detuvo a un hombre de 31 a\u00f1os presunto autor de Abuso Sexual de una menor en la ciudad de Reconquista.<\/p>\n<p>El hecho de p\u00fablico conocimiento donde fuera v\u00edctima una menor de edad quien fuera llevada enga\u00f1ada hacia un descampado por medio de un desconocido, quien luego abuso sexualmente de la misma.<\/p>\n<p>Tras realizarse tareas investigativas por la Agencia de Investigaciones de Trata de Personas de la Regi\u00f3n IV, llevo a cabo un allanamiento con la colaboraci\u00f3n de GOT UR IX , en busca del sospechoso procediendo a su detenci\u00f3n en cercan\u00eda de la Zona de los Piletones, para luego ser alojado en Secci\u00f3n Celaduria de Unidad Regional IX.<\/p>\n","protected":false},"excerpt":{"rendered":"<p>Justicia Interviniente Fiscal A\/C Dr. Valentin Here\u00f1u. La Policia de Investigaciones dependiente de la orbita del Ministerio de Justicia y Seguridad de la Provincia de Sanata Fe, detuvo a un hombre de 31 a\u00f1os presunto autor de Abuso Sexual de una menor en la ciudad de Reconquista. El hecho de p\u00fablico conocimiento donde fuera v\u00edctima [&hellip;]<\/p>\n","protected":false},"author":3,"featured_media":64794,"comment_status":"closed","ping_status":"closed","sticky":false,"template":"","format":"standard","meta":{"_joinchat":[],"footnotes":""},"categories":[55],"tags":[],"class_list":{"0":"post-64792","1":"post","2":"type-post","3":"status-publish","4":"format-standard","5":"has-post-thumbnail","7":"category-reconquista"},"_links":{"self":[{"href":"https:\/\/infovera.com.ar\/web\/wp-json\/wp\/v2\/posts\/64792","targetHints":{"allow":["GET"]}}],"collection":[{"href":"https:\/\/infovera.com.ar\/web\/wp-json\/wp\/v2\/posts"}],"about":[{"href":"https:\/\/infovera.com.ar\/web\/wp-json\/wp\/v2\/types\/post"}],"author":[{"embeddable":true,"href":"https:\/\/infovera.com.ar\/web\/wp-json\/wp\/v2\/users\/3"}],"replies":[{"embeddable":true,"href":"https:\/\/infovera.com.ar\/web\/wp-json\/wp\/v2\/comments?post=64792"}],"version-history":[{"count":0,"href":"https:\/\/infovera.com.ar\/web\/wp-json\/wp\/v2\/posts\/64792\/revisions"}],"wp:featuredmedia":[{"embeddable":true,"href":"https:\/\/infovera.com.ar\/web\/wp-json\/wp\/v2\/media\/64794"}],"wp:attachment":[{"href":"https:\/\/infovera.com.ar\/web\/wp-json\/wp\/v2\/media?parent=64792"}],"wp:term":[{"taxonomy":"category","embeddable":true,"href":"https:\/\/infovera.com.ar\/web\/wp-json\/wp\/v2\/categories?post=64792"},{"taxonomy":"post_tag","embeddable":true,"href":"https:\/\/infovera.com.ar\/web\/wp-json\/wp\/v2\/tags?post=64792"}],"curies":[{"name":"wp","href":"https:\/\/api.w.org\/{rel}","templated":true}]}}