{"id":64786,"date":"2025-07-23T16:56:32","date_gmt":"2025-07-23T19:56:32","guid":{"rendered":"https:\/\/infovera.com.ar\/web\/?p=64786"},"modified":"2025-07-24T17:59:41","modified_gmt":"2025-07-24T20:59:41","slug":"amsafe-propone-crear-un-consejo-de-educacion-e-incluir-paritarias-a-la-constitucion-provincial","status":"publish","type":"post","link":"https:\/\/infovera.com.ar\/web\/2025\/07\/23\/amsafe-propone-crear-un-consejo-de-educacion-e-incluir-paritarias-a-la-constitucion-provincial\/","title":{"rendered":"Amsafe propone crear un consejo de educaci\u00f3n e incluir paritarias a la Constituci\u00f3n provincial"},"content":{"rendered":"<p><strong>El gremio docente espera que se los cite a la comisi\u00f3n pertinente para exponer sus propuestas sobre el tema previsional y las modificaciones de los art\u00edculos referidos a educaci\u00f3n. &#8220;No es un tema menor: se discuten las reglas de juego de los pr\u00f3ximos 30 \u00f3 40 a\u00f1os en la sociedad&#8221;, dijo Rodrigo Alonso.<\/strong><\/p>\n<p>El gremio de la docencia p\u00fablica, Amsafe, expres\u00f3 formalmente este mi\u00e9rcoles su posici\u00f3n ante la reforma de la Constituci\u00f3n de la provincia de Santa Fe con la presentaci\u00f3n de dos proyectos que buscan consolidar y ampliar derechos en materia educativa y previsional. La organizaci\u00f3n sindical docente remarc\u00f3 que la reforma no debe ser un retroceso en materia de conquistas laborales y sociales, sino una oportunidad para fortalecer el rol del Estado, la educaci\u00f3n p\u00fablica y la protecci\u00f3n previsional.<\/p>\n<p>Uno de los proyectos se centra en la educaci\u00f3n con sus propias propuestas de modificaci\u00f3n de los art\u00edculos 109 al 113 de la Carta Magna provincial. En ese marco, Amsafe plantea, en primer t\u00e9rmino, que la educaci\u00f3n debe quedar consagrada como un derecho social, con responsabilidad indelegable del Estado.<\/p>\n<p>&#8220;La educaci\u00f3n no es un servicio ni una mercanc\u00eda, es un derecho que debe ser garantizado por el Estado con recursos para los estudiantes y para los trabajadores. Debe garantizar la obligatoriedad tanto del nivel inicial, como del nivel primario, secundario. Tambi\u00e9n los contenidos transversales como la educaci\u00f3n sexual integral (ESI), la educaci\u00f3n biling\u00fce. Y sobre todas las cosas, planteamos claramente, que debe respetar el \u00e1mbito paritario. Todo esto debe ser parte de la letra de la Constituci\u00f3n&#8221;, detall\u00f3 Rodrigo Alonso, secretario general de Amsafe, en di\u00e1logo con la prensa frente a la Legislatura, donde sesiona la Asamblea Constituyente.<\/p>\n<p>Una de las propuestas m\u00e1s novedosas es la creaci\u00f3n de un\u00a0Consejo Provincial de Educaci\u00f3n, que existe en algunas jurisdicciones como Entre R\u00edos. &#8220;Planteamos la creaci\u00f3n de un \u00f3rgano de gobierno en el que participen todas las voces: el Ejecutivo s\u00ed por supuesto, pero tambi\u00e9n los trabajadores, los estudiantes y la comunidad educativa. Las pol\u00edticas educativas deben discutirse de manera participativa&#8221;, remarc\u00f3 el dirigente.<\/p>\n<p>Adem\u00e1s, desde el gremio insisten en que el respeto al \u00e1mbito paritario debe tener jerarqu\u00eda constitucional: &#8220;No puede seguir pasando que se destruya el espacio de negociaci\u00f3n colectiva&#8221;, sostuvo Alonso.<\/p>\n<p><strong>Sistema solidario y 82% m\u00f3vil<\/strong><\/p>\n<p>El otro proyecto apunta a la modificaci\u00f3n del art\u00edculo 21, vinculado al r\u00e9gimen jubilatorio. &#8220;Planteamos que el sistema jubilatorio tiene que ser estatal, p\u00fablico, solidario y de reparto. Y que la Caja de Jubilaciones debe ser intransferible, no puede pasar a manos de la Naci\u00f3n ni de ning\u00fan grupo privado&#8221;, afirm\u00f3.<\/p>\n<p>Asimismo, el gremio exige que la &#8220;nueva Constituci\u00f3n&#8221; garantice que ning\u00fan docente jubilado cobre menos del 82% del salario de un activo y que los aumentos se otorguen de forma simult\u00e1nea. Alonso advirti\u00f3 que &#8220;cualquier reforma jubilatoria debe discutirse en el \u00e1mbito paritario&#8221; y puso como ejemplo el perjuicio generado por la \u00faltima reforma previsional: &#8220;En el primer semestre, la inflaci\u00f3n fue del 16,4% y los jubilados solo recibieron un 8% de aumento&#8221;, dado que a partir de esa reforma del 2024, el sector pasivo docente percibe las subas reci\u00e9n a los 60 d\u00edas que los activos.<\/p>\n<p><strong>&#8220;No es un tema menor lo que se discute&#8221;<\/strong><\/p>\n<p><strong>-\u00bfPudieron abordar estos temas con distintos sectores pol\u00edticos y puntualmente con el oficialismo que tiene mayor\u00eda en la Convenci\u00f3n?, se le pregunt\u00f3 a Alonso.<\/strong><\/p>\n<p>-No, lo que hicimos fue, previo a la elecci\u00f3n de los constituyentes, presentar estos temas como Central de Trabajadores a los distintos candidatos. Lo que esperamos ahora es que los\u00a0constituyentes, particularmente la Comisi\u00f3n de Declaraciones, Derechos y Garant\u00edas, nos convoquen para poder expresar claramente cu\u00e1l es nuestra posici\u00f3n sobre estos temas.<br \/>\nNo es un tema menor lo que estamos discutiendo. Creemos que cuando hablamos de una reforma Constitucional, lo que se est\u00e1 poniendo en juego es cu\u00e1les son las reglas para los pr\u00f3ximos 30 \u00f3 40 a\u00f1os en la sociedad. \u00bfY cu\u00e1les van a ser esas reglas: con menos derechos o con m\u00e1s derechos? Lo que nosotros planteamos claramente, es que tiene que ser con m\u00e1s derechos para el pueblo de Santa Fe.<\/p>\n","protected":false},"excerpt":{"rendered":"<p>El gremio docente espera que se los cite a la comisi\u00f3n pertinente para exponer sus propuestas sobre el tema previsional y las modificaciones de los art\u00edculos referidos a educaci\u00f3n. &#8220;No es un tema menor: se discuten las reglas de juego de los pr\u00f3ximos 30 \u00f3 40 a\u00f1os en la sociedad&#8221;, dijo Rodrigo Alonso. El gremio [&hellip;]<\/p>\n","protected":false},"author":3,"featured_media":64787,"comment_status":"closed","ping_status":"closed","sticky":false,"template":"","format":"standard","meta":{"_joinchat":[],"footnotes":""},"categories":[76,60],"tags":[],"class_list":{"0":"post-64786","1":"post","2":"type-post","3":"status-publish","4":"format-standard","5":"has-post-thumbnail","7":"category-convencion-constituyente","8":"category-provinciales"},"_links":{"self":[{"href":"https:\/\/infovera.com.ar\/web\/wp-json\/wp\/v2\/posts\/64786","targetHints":{"allow":["GET"]}}],"collection":[{"href":"https:\/\/infovera.com.ar\/web\/wp-json\/wp\/v2\/posts"}],"about":[{"href":"https:\/\/infovera.com.ar\/web\/wp-json\/wp\/v2\/types\/post"}],"author":[{"embeddable":true,"href":"https:\/\/infovera.com.ar\/web\/wp-json\/wp\/v2\/users\/3"}],"replies":[{"embeddable":true,"href":"https:\/\/infovera.com.ar\/web\/wp-json\/wp\/v2\/comments?post=64786"}],"version-history":[{"count":0,"href":"https:\/\/infovera.com.ar\/web\/wp-json\/wp\/v2\/posts\/64786\/revisions"}],"wp:featuredmedia":[{"embeddable":true,"href":"https:\/\/infovera.com.ar\/web\/wp-json\/wp\/v2\/media\/64787"}],"wp:attachment":[{"href":"https:\/\/infovera.com.ar\/web\/wp-json\/wp\/v2\/media?parent=64786"}],"wp:term":[{"taxonomy":"category","embeddable":true,"href":"https:\/\/infovera.com.ar\/web\/wp-json\/wp\/v2\/categories?post=64786"},{"taxonomy":"post_tag","embeddable":true,"href":"https:\/\/infovera.com.ar\/web\/wp-json\/wp\/v2\/tags?post=64786"}],"curies":[{"name":"wp","href":"https:\/\/api.w.org\/{rel}","templated":true}]}}