{"id":64777,"date":"2025-07-23T13:29:50","date_gmt":"2025-07-23T16:29:50","guid":{"rendered":"https:\/\/infovera.com.ar\/web\/?p=64777"},"modified":"2025-07-23T13:29:50","modified_gmt":"2025-07-23T16:29:50","slug":"lamelas-o-argentina","status":"publish","type":"post","link":"https:\/\/infovera.com.ar\/web\/2025\/07\/23\/lamelas-o-argentina\/","title":{"rendered":"Lamelas\u2026 o Argentina"},"content":{"rendered":"<p data-start=\"313\" data-end=\"351\">Por <strong data-start=\"317\" data-end=\"351\">Cristina Fern\u00e1ndez de Kirchner (*)<\/strong><\/p>\n<p data-start=\"353\" data-end=\"711\">Ayer escuchamos a <strong data-start=\"371\" data-end=\"386\">Mr. Lamelas<\/strong>, el candidato de <strong data-start=\"404\" data-end=\"420\">Donald Trump<\/strong> para ocupar el cargo de <strong data-start=\"445\" data-end=\"492\">embajador de Estados Unidos en la Argentina<\/strong>, declarar, sin medias tintas, que su misi\u00f3n ser\u00e1 \u201cvigilar a los gobernadores\u201d, \u201cfrenar acuerdos con China\u201d y \u2014para que nadie tenga dudas sobre por qu\u00e9 estoy presa\u2014 \u201casegurarse de que CFK reciba la justicia que merece\u201d.<\/p>\n<p data-start=\"713\" data-end=\"1020\"><strong data-start=\"713\" data-end=\"745\">\u00bfQu\u00e9 nivel de obsesi\u00f3n, bro?<\/strong> Como si no tuvi\u00e9ramos ya un poder judicial suficientemente teledirigido, ahora nos mandan un <strong data-start=\"839\" data-end=\"872\">nuevo fiscal plenipotenciario<\/strong> directamente desde <strong data-start=\"892\" data-end=\"906\">Mar-a-Lago<\/strong>. Lo \u00fanico que le falt\u00f3 fue anunciar que \u00e9l mismo iba a designar tribunales. Ni <strong data-start=\"986\" data-end=\"1002\">James Monroe<\/strong> se anim\u00f3 a tanto.<\/p>\n<p data-start=\"1022\" data-end=\"1350\">Mientras tanto, <strong data-start=\"1038\" data-end=\"1047\">Trump<\/strong>, quien asumi\u00f3 la presidencia de su pa\u00eds con <strong data-start=\"1092\" data-end=\"1116\">24 cargos criminales<\/strong>, todav\u00eda <strong data-start=\"1126\" data-end=\"1150\">no cumple su promesa<\/strong> de revelar la lista de <strong data-start=\"1174\" data-end=\"1185\">Epstein<\/strong> en causas sobre <strong data-start=\"1202\" data-end=\"1256\">pedofilia, corrupci\u00f3n de menores y abusos sexuales<\/strong>. Ni siquiera el sistema judicial estadounidense investiga el fortuito \u201csuicidio\u201d del magnate.<\/p>\n<p data-start=\"1352\" data-end=\"1423\">Primero deber\u00edan <strong data-start=\"1369\" data-end=\"1388\">limpiar su casa<\/strong>, antes de opinar sobre la nuestra.<\/p>\n<p data-start=\"1425\" data-end=\"1606\">Y por si todo esto fuera poco, Lamelas tambi\u00e9n declar\u00f3 que su objetivo es <strong data-start=\"1499\" data-end=\"1529\">apoyar el triunfo de Milei<\/strong> en las elecciones de octubre \u2014a las que llam\u00f3, por supuesto, \u201clas midterms\u201d.<\/p>\n<p data-start=\"1608\" data-end=\"1744\"><strong data-start=\"1608\" data-end=\"1643\">Igualito a Kristalina Georgieva<\/strong>, quien desde el <strong data-start=\"1660\" data-end=\"1693\">Fondo Monetario Internacional<\/strong> ya blanque\u00f3 que los argentinos \u201cdeben votar bien\u201d.<\/p>\n<p data-start=\"1746\" data-end=\"1846\">Como ver\u00e1n\u2026 la campa\u00f1a no la hacen los hermanos Milei. <strong data-start=\"1801\" data-end=\"1846\">La hacen Washington y el Fondo Monetario.<\/strong><\/p>\n<p data-start=\"1848\" data-end=\"2023\">Al final, lo de \u201clas Fuerzas del Cielo\u201d y los tuiteros \u201cmalos\u201d era solo para la gilada. <strong data-start=\"1936\" data-end=\"2023\">Los que verdaderamente mandan en la Argentina de Milei son \u201clas Fuerzas del Norte\u201d.<\/strong><\/p>\n<p data-start=\"2025\" data-end=\"2187\">Queda claro que a <strong data-start=\"2043\" data-end=\"2068\">Trump, Milei y el FMI<\/strong> lo que les molesta es una sola cosa: <strong data-start=\"2106\" data-end=\"2133\">la democracia argentina<\/strong>. Les molesta que el pueblo vote a quien quiera votar.<\/p>\n<p data-start=\"2189\" data-end=\"2284\">Siempre supimos que Milei necesitaba <strong data-start=\"2226\" data-end=\"2253\">supervisi\u00f3n profesional<\/strong>\u2026 pero no era exactamente esta.<\/p>\n<hr data-start=\"2286\" data-end=\"2289\" \/>\n<p data-start=\"2291\" data-end=\"2617\"><strong data-start=\"2291\" data-end=\"2301\">P\/D 1:<\/strong> Mr. Lamelas habla de vigilar a los gobernadores elegidos por el pueblo por supuesta corrupci\u00f3n con China. \u00bf<strong data-start=\"2409\" data-end=\"2547\">Vigilar\u00e1 tambi\u00e9n al empresario argentino asociado con empresas chinas que controla el monopolio de las telecomunicaciones en Argentina<\/strong>, y que estuvo celebrando el 4 de julio en la embajada norteamericana?<\/p>\n<p data-start=\"2619\" data-end=\"2718\"><strong data-start=\"2619\" data-end=\"2629\">P\/D 2:<\/strong> Como ver\u00e1s, <strong data-start=\"2642\" data-end=\"2668\">nada nuevo bajo el sol<\/strong>. Hace 80 a\u00f1os era <strong data-start=\"2687\" data-end=\"2705\">Braden o Per\u00f3n<\/strong>.<br data-start=\"2706\" data-end=\"2709\" \/>Ahora es\u2026<\/p>\n<p data-start=\"2720\" data-end=\"2763\"><strong data-start=\"2720\" data-end=\"2745\">LAMELAS\u2026 o ARGENTINA.<\/strong><br data-start=\"2745\" data-end=\"2748\" \/><strong data-start=\"2748\" data-end=\"2763\">Vos eleg\u00eds.<\/strong><\/p>\n<p data-start=\"2720\" data-end=\"2763\">(*) Expresidenta argentina<\/p>\n","protected":false},"excerpt":{"rendered":"<p>Por Cristina Fern\u00e1ndez de Kirchner (*) Ayer escuchamos a Mr. Lamelas, el candidato de Donald Trump para ocupar el cargo de embajador de Estados Unidos en la Argentina, declarar, sin medias tintas, que su misi\u00f3n ser\u00e1 \u201cvigilar a los gobernadores\u201d, \u201cfrenar acuerdos con China\u201d y \u2014para que nadie tenga dudas sobre por qu\u00e9 estoy presa\u2014 [&hellip;]<\/p>\n","protected":false},"author":3,"featured_media":64778,"comment_status":"closed","ping_status":"closed","sticky":false,"template":"","format":"standard","meta":{"_joinchat":[],"footnotes":""},"categories":[62,66],"tags":[],"class_list":{"0":"post-64777","1":"post","2":"type-post","3":"status-publish","4":"format-standard","5":"has-post-thumbnail","7":"category-nacionales","8":"category-politica"},"_links":{"self":[{"href":"https:\/\/infovera.com.ar\/web\/wp-json\/wp\/v2\/posts\/64777","targetHints":{"allow":["GET"]}}],"collection":[{"href":"https:\/\/infovera.com.ar\/web\/wp-json\/wp\/v2\/posts"}],"about":[{"href":"https:\/\/infovera.com.ar\/web\/wp-json\/wp\/v2\/types\/post"}],"author":[{"embeddable":true,"href":"https:\/\/infovera.com.ar\/web\/wp-json\/wp\/v2\/users\/3"}],"replies":[{"embeddable":true,"href":"https:\/\/infovera.com.ar\/web\/wp-json\/wp\/v2\/comments?post=64777"}],"version-history":[{"count":0,"href":"https:\/\/infovera.com.ar\/web\/wp-json\/wp\/v2\/posts\/64777\/revisions"}],"wp:featuredmedia":[{"embeddable":true,"href":"https:\/\/infovera.com.ar\/web\/wp-json\/wp\/v2\/media\/64778"}],"wp:attachment":[{"href":"https:\/\/infovera.com.ar\/web\/wp-json\/wp\/v2\/media?parent=64777"}],"wp:term":[{"taxonomy":"category","embeddable":true,"href":"https:\/\/infovera.com.ar\/web\/wp-json\/wp\/v2\/categories?post=64777"},{"taxonomy":"post_tag","embeddable":true,"href":"https:\/\/infovera.com.ar\/web\/wp-json\/wp\/v2\/tags?post=64777"}],"curies":[{"name":"wp","href":"https:\/\/api.w.org\/{rel}","templated":true}]}}