{"id":64775,"date":"2025-07-23T13:21:59","date_gmt":"2025-07-23T16:21:59","guid":{"rendered":"https:\/\/infovera.com.ar\/web\/?p=64775"},"modified":"2025-07-24T14:24:17","modified_gmt":"2025-07-24T17:24:17","slug":"festram-alerta-que-las-patronales-del-campo-exigen-la-autonomia-municipal-sin-tributos","status":"publish","type":"post","link":"https:\/\/infovera.com.ar\/web\/2025\/07\/23\/festram-alerta-que-las-patronales-del-campo-exigen-la-autonomia-municipal-sin-tributos\/","title":{"rendered":"FESTRAM alerta que &#8220;las patronales del campo exigen la autonom\u00eda municipal sin tributos&#8221;"},"content":{"rendered":"<p><strong>En un comunicado reciente, FESTRAM advert\u00eda a los intendentes y presidentes comunales para que \u201cse preocupen y ocupen en participar en defensa de los recursos econ\u00f3micos de sus comunidades\u201d, frente a los \u201ccanto de sirenas\u201d de cierta dirigencia pol\u00edtica<\/strong> que &#8220;plantea a la autonom\u00eda como la soluci\u00f3n a casi todos los males que sufren las ciudades y por lo tanto avanzan en la Convenci\u00f3n Constituyente sin aclarar de donde saldr\u00e1n los fondos, caracter\u00edsticas de la misma, alcances y por sobre todo diferencias en su implementaci\u00f3n entre localidades grandes y peque\u00f1as con las consecuencias que eso puede tener&#8221;.<\/p>\n<p>Los titulares de los ejecutivos locales &#8220;deber\u00edan saber que hoy, y sobre este tema en particular, el silencio no es salud sino complicidad y que las consecuencias de no tomar postura, implicar\u00e1 un impacto brutal sobre los recursos y posibilidades de gesti\u00f3n de sus administraciones&#8221;, apur\u00f3 el gremio.<\/p>\n<p>En ese sentido, FESTRAM indic\u00f3 que se ha conocido en las \u00faltimas horas, una propuesta concreta, presentada por Mesa de Entrada de la Convenci\u00f3n, en donde se hace expresa menci\u00f3n a que \u201cen las comunas y municipios se olvidaron de lo que es el respeto inamovible de la propiedad privada y el respeto por la propiedad preexistente.\u201d<\/p>\n<p>Es decir, &#8220;las instituciones que responden a las patronales del campo y sus representantes en lo pol\u00edtico, buscan limitar y\/o eliminar todo tipo de impuestos a los emprendimientos rurales, lo cual desfinancia especialmente a las comunas y le pone l\u00edmites concretos a las ciudades&#8221;, alert\u00f3 la instancia sindical.<\/p>\n<p>&#8220;Esta es la gravedad de lo que est\u00e1 en juego en esta Convenci\u00f3n y venimos se\u00f1alando. Hay intereses econ\u00f3micos precisos, que tras el discurso de reducir el control o las atribuciones de los estados locales, buscan preservar y acrecentar sus ganancias&#8221;, a\u00f1adi\u00f3.<\/p>\n<p>Es tal el avance en la materia que los proyectos de referencia plantean cuestionamientos a los &#8220;l\u00edmites agron\u00f3micos\u201d \u2013tema ya zanjado por la Justicia la provincia defendiendo la salud y la vida de la poblaci\u00f3n contra los intereses explicitados entre otros por la Sociedad Rural- tratando de darle un rango constitucional a sus iniciativas argumentando \u201cdesconocimiento o sesgo ideol\u00f3gico\u201d en las resoluciones en dicha tem\u00e1tica, prosigui\u00f3.<\/p>\n<p>El el final, el gremio municipal inquiri\u00f3: &#8220;\u00bfFrente a una Corte Suprema de Justicia de la Naci\u00f3n que ya fij\u00f3 precedente con la inconstitucionalidad del DREI y la Tasa por hect\u00e1rea, hasta cu\u00e1ndo los intendentes y presidentes comunales van a permanecer callados, siendo funcionales al despojo que se avecina?&#8221;.<\/p>\n","protected":false},"excerpt":{"rendered":"<p>En un comunicado reciente, FESTRAM advert\u00eda a los intendentes y presidentes comunales para que \u201cse preocupen y ocupen en participar en defensa de los recursos econ\u00f3micos de sus comunidades\u201d, frente a los \u201ccanto de sirenas\u201d de cierta dirigencia pol\u00edtica que &#8220;plantea a la autonom\u00eda como la soluci\u00f3n a casi todos los males que sufren las [&hellip;]<\/p>\n","protected":false},"author":3,"featured_media":64554,"comment_status":"closed","ping_status":"closed","sticky":false,"template":"","format":"standard","meta":{"_joinchat":[],"footnotes":""},"categories":[27,60],"tags":[],"class_list":{"0":"post-64775","1":"post","2":"type-post","3":"status-publish","4":"format-standard","5":"has-post-thumbnail","7":"category-gremiales","8":"category-provinciales"},"_links":{"self":[{"href":"https:\/\/infovera.com.ar\/web\/wp-json\/wp\/v2\/posts\/64775","targetHints":{"allow":["GET"]}}],"collection":[{"href":"https:\/\/infovera.com.ar\/web\/wp-json\/wp\/v2\/posts"}],"about":[{"href":"https:\/\/infovera.com.ar\/web\/wp-json\/wp\/v2\/types\/post"}],"author":[{"embeddable":true,"href":"https:\/\/infovera.com.ar\/web\/wp-json\/wp\/v2\/users\/3"}],"replies":[{"embeddable":true,"href":"https:\/\/infovera.com.ar\/web\/wp-json\/wp\/v2\/comments?post=64775"}],"version-history":[{"count":0,"href":"https:\/\/infovera.com.ar\/web\/wp-json\/wp\/v2\/posts\/64775\/revisions"}],"wp:featuredmedia":[{"embeddable":true,"href":"https:\/\/infovera.com.ar\/web\/wp-json\/wp\/v2\/media\/64554"}],"wp:attachment":[{"href":"https:\/\/infovera.com.ar\/web\/wp-json\/wp\/v2\/media?parent=64775"}],"wp:term":[{"taxonomy":"category","embeddable":true,"href":"https:\/\/infovera.com.ar\/web\/wp-json\/wp\/v2\/categories?post=64775"},{"taxonomy":"post_tag","embeddable":true,"href":"https:\/\/infovera.com.ar\/web\/wp-json\/wp\/v2\/tags?post=64775"}],"curies":[{"name":"wp","href":"https:\/\/api.w.org\/{rel}","templated":true}]}}