{"id":64772,"date":"2025-07-23T09:27:06","date_gmt":"2025-07-23T12:27:06","guid":{"rendered":"https:\/\/infovera.com.ar\/web\/?p=64772"},"modified":"2025-07-23T13:42:40","modified_gmt":"2025-07-23T16:42:40","slug":"florencia-joven-motociclista-fallecio-en-un-choque-sobre-ruta-11","status":"publish","type":"post","link":"https:\/\/infovera.com.ar\/web\/2025\/07\/23\/florencia-joven-motociclista-fallecio-en-un-choque-sobre-ruta-11\/","title":{"rendered":"Florencia: joven motociclista falleci\u00f3 en un choque sobre Ruta 11"},"content":{"rendered":"<p><strong>Un tr\u00e1gico accidente de tr\u00e1nsito se cobr\u00f3 la vida de un joven motociclista en la ma\u00f1ana del mi\u00e9rcoles 23 de julio, en el kil\u00f3metro 923 de la Ruta Nacional N\u00ba 11, jurisdicci\u00f3n de la ciudad de Florencia.<\/strong><\/p>\n<p>El siniestro se produjo alrededor de las 08:15 horas, cuando, por causas que se investigan, una motocicleta y una camioneta con acoplado colisionaron frontalmente. La motocicleta era conducida por un joven mayor de edad oriundo de la provincia del Chaco, quien circulaba en sentido Sur-Norte.<\/p>\n<p>En tanto, la camioneta era guiada por un hombre tambi\u00e9n mayor de edad, domiciliado en Florencia, que se desplazaba en sentido Norte-Sur.<br \/>\nComo consecuencia del impacto, el motociclista perdi\u00f3 la vida en el acto.<\/p>\n<p>En el lugar trabajaron personal de la Comisar\u00eda IX de la Unidad Regional IX, m\u00e9dico policial, Criminal\u00edstica de la PDI con sede en Las Toscas y autoridades judiciales. La ruta fue cortada al tr\u00e1nsito en ambas direcciones mientras se realizaban las pericias correspondientes.<\/p>\n<p>El hecho fue caratulado preliminarmente como \u201chomicidio culposo en accidente de tr\u00e1nsito\u201d.<\/p>\n","protected":false},"excerpt":{"rendered":"<p>Un tr\u00e1gico accidente de tr\u00e1nsito se cobr\u00f3 la vida de un joven motociclista en la ma\u00f1ana del mi\u00e9rcoles 23 de julio, en el kil\u00f3metro 923 de la Ruta Nacional N\u00ba 11, jurisdicci\u00f3n de la ciudad de Florencia. El siniestro se produjo alrededor de las 08:15 horas, cuando, por causas que se investigan, una motocicleta y [&hellip;]<\/p>\n","protected":false},"author":3,"featured_media":64773,"comment_status":"closed","ping_status":"closed","sticky":false,"template":"","format":"standard","meta":{"_joinchat":[],"footnotes":""},"categories":[30,61],"tags":[],"class_list":{"0":"post-64772","1":"post","2":"type-post","3":"status-publish","4":"format-standard","5":"has-post-thumbnail","7":"category-policiales","8":"category-regionales"},"_links":{"self":[{"href":"https:\/\/infovera.com.ar\/web\/wp-json\/wp\/v2\/posts\/64772","targetHints":{"allow":["GET"]}}],"collection":[{"href":"https:\/\/infovera.com.ar\/web\/wp-json\/wp\/v2\/posts"}],"about":[{"href":"https:\/\/infovera.com.ar\/web\/wp-json\/wp\/v2\/types\/post"}],"author":[{"embeddable":true,"href":"https:\/\/infovera.com.ar\/web\/wp-json\/wp\/v2\/users\/3"}],"replies":[{"embeddable":true,"href":"https:\/\/infovera.com.ar\/web\/wp-json\/wp\/v2\/comments?post=64772"}],"version-history":[{"count":0,"href":"https:\/\/infovera.com.ar\/web\/wp-json\/wp\/v2\/posts\/64772\/revisions"}],"wp:featuredmedia":[{"embeddable":true,"href":"https:\/\/infovera.com.ar\/web\/wp-json\/wp\/v2\/media\/64773"}],"wp:attachment":[{"href":"https:\/\/infovera.com.ar\/web\/wp-json\/wp\/v2\/media?parent=64772"}],"wp:term":[{"taxonomy":"category","embeddable":true,"href":"https:\/\/infovera.com.ar\/web\/wp-json\/wp\/v2\/categories?post=64772"},{"taxonomy":"post_tag","embeddable":true,"href":"https:\/\/infovera.com.ar\/web\/wp-json\/wp\/v2\/tags?post=64772"}],"curies":[{"name":"wp","href":"https:\/\/api.w.org\/{rel}","templated":true}]}}