{"id":64768,"date":"2025-07-23T10:08:19","date_gmt":"2025-07-23T13:08:19","guid":{"rendered":"https:\/\/infovera.com.ar\/web\/?p=64768"},"modified":"2025-07-24T14:24:49","modified_gmt":"2025-07-24T17:24:49","slug":"rosana-burella-sobre-el-femicidio-de-su-madre-la-vida-no-volvio-a-ser-igual","status":"publish","type":"post","link":"https:\/\/infovera.com.ar\/web\/2025\/07\/23\/rosana-burella-sobre-el-femicidio-de-su-madre-la-vida-no-volvio-a-ser-igual\/","title":{"rendered":"Rosana Burella, sobre el femicidio de su madre: &#8220;La vida no volvi\u00f3 a ser igual&#8221;"},"content":{"rendered":"<p><strong>La mujer de 44 a\u00f1os fue la primera testigo en prestar declaraci\u00f3n en el juicio oral por lo que la fiscal\u00eda y la querella calificaron como &#8220;femicidio sexual&#8221; del que resultara v\u00edctima Noem\u00ed &#8220;Mimi&#8221; Burella (61).<\/strong><\/p>\n<p>Una vez finalizados los alegatos de apertura de las partes, Rosana Burella fue convocada por el Tribunal, a instancias de los fiscales Maglier y Here\u00f1\u00fa, para que brindara su versi\u00f3n de los hechos.<\/p>\n<p>Primeramente, record\u00f3 los detalles del d\u00eda del hallazgo tr\u00e1gico del cuerpo sin vida de su madre en la parte del comedor de la casa donde viv\u00eda en el barrio Moreno de Calchaqu\u00ed. En su relato, se quebr\u00f3 al describir la escena que ya hab\u00edan graficado los fiscales y la querella.<\/p>\n<p>Rosana, en su testimonial, cont\u00f3 que &#8220;la vida no volvi\u00f3 a ser igual despu\u00e9s del 16 de agosto de 2022&#8221;, dijo que vive con miedo con miedo de salir a la calle y medicada para poder afrontar el d\u00eda d\u00eda.<\/p>\n<p>Ante la consulta del fiscal Maglier acerca de c\u00f3mo era Mimi, respondi\u00f3: &#8220;Era una madre presente, con muchos proyectos, muy solidaria. Ten\u00eda a\u00f1os por delante&#8221;. Fue el segundo momento en que l\u00e1grimas de dolor le brotaron de los ojos.<\/p>\n<p><strong>&#8220;Pido justicia, una justicia justa, que se sepa la verdad&#8221;, pidi\u00f3.<\/strong><\/p>\n<p>El defensor del imputado por el femicidio le formul\u00f3 algunas preguntas puntuales. Mat\u00edas Daruich se centr\u00f3 en su declaraci\u00f3n en sede policial el d\u00eda del hecho respecto de si billetera de la v\u00edctima ten\u00eda o no dinero, y tambi\u00e9n hizo hincapi\u00e9 en otras dos cuestiones epxresadas por la testigo: la zona de casa de Mimi era muy transitada entre las 19 y 20 debido a la existencia de una agencia de quiniela ubicada enfrente, y la inseguridad creciente que se viv\u00eda en el barrio en aquel momento.<\/p>\n<p>La segunda jornada del juicio se realizada hoy, y estaba previsto que declarara el jefe policial Diego Constanzo, hoy titular de la Unidad Regional IX, pero al momento del femicidio funcionario de la Unidad Regional XIX.<\/p>\n","protected":false},"excerpt":{"rendered":"<p>La mujer de 44 a\u00f1os fue la primera testigo en prestar declaraci\u00f3n en el juicio oral por lo que la fiscal\u00eda y la querella calificaron como &#8220;femicidio sexual&#8221; del que resultara v\u00edctima Noem\u00ed &#8220;Mimi&#8221; Burella (61). Una vez finalizados los alegatos de apertura de las partes, Rosana Burella fue convocada por el Tribunal, a instancias [&hellip;]<\/p>\n","protected":false},"author":3,"featured_media":64769,"comment_status":"closed","ping_status":"closed","sticky":false,"template":"","format":"standard","meta":{"_joinchat":[],"footnotes":""},"categories":[30,53],"tags":[],"class_list":{"0":"post-64768","1":"post","2":"type-post","3":"status-publish","4":"format-standard","5":"has-post-thumbnail","7":"category-policiales","8":"category-vera"},"_links":{"self":[{"href":"https:\/\/infovera.com.ar\/web\/wp-json\/wp\/v2\/posts\/64768","targetHints":{"allow":["GET"]}}],"collection":[{"href":"https:\/\/infovera.com.ar\/web\/wp-json\/wp\/v2\/posts"}],"about":[{"href":"https:\/\/infovera.com.ar\/web\/wp-json\/wp\/v2\/types\/post"}],"author":[{"embeddable":true,"href":"https:\/\/infovera.com.ar\/web\/wp-json\/wp\/v2\/users\/3"}],"replies":[{"embeddable":true,"href":"https:\/\/infovera.com.ar\/web\/wp-json\/wp\/v2\/comments?post=64768"}],"version-history":[{"count":0,"href":"https:\/\/infovera.com.ar\/web\/wp-json\/wp\/v2\/posts\/64768\/revisions"}],"wp:featuredmedia":[{"embeddable":true,"href":"https:\/\/infovera.com.ar\/web\/wp-json\/wp\/v2\/media\/64769"}],"wp:attachment":[{"href":"https:\/\/infovera.com.ar\/web\/wp-json\/wp\/v2\/media?parent=64768"}],"wp:term":[{"taxonomy":"category","embeddable":true,"href":"https:\/\/infovera.com.ar\/web\/wp-json\/wp\/v2\/categories?post=64768"},{"taxonomy":"post_tag","embeddable":true,"href":"https:\/\/infovera.com.ar\/web\/wp-json\/wp\/v2\/tags?post=64768"}],"curies":[{"name":"wp","href":"https:\/\/api.w.org\/{rel}","templated":true}]}}