{"id":64762,"date":"2025-07-23T09:30:42","date_gmt":"2025-07-23T12:30:42","guid":{"rendered":"https:\/\/infovera.com.ar\/web\/?p=64762"},"modified":"2025-07-23T14:06:33","modified_gmt":"2025-07-23T17:06:33","slug":"clinica-de-conduccion-segura-de-motos-en-vera","status":"publish","type":"post","link":"https:\/\/infovera.com.ar\/web\/2025\/07\/23\/clinica-de-conduccion-segura-de-motos-en-vera\/","title":{"rendered":"Cl\u00ednica de conducci\u00f3n segura de motos en Vera"},"content":{"rendered":"<p><strong>La Agencia Provincial de Seguridad Vial (APSV) y la Municipalidad de Vera invitan a participar de la Cl\u00ednica de Conducci\u00f3n Segura de Motos, una jornada gratuita de formaci\u00f3n te\u00f3rico-pr\u00e1ctica destinada a quienes utilizan motocicletas como herramienta de trabajo y al p\u00fablico en general.<\/strong><\/p>\n<p>La cl\u00ednica se desarrollar\u00e1 el martes 29 de julio en el Complejo \u201cLa Estaci\u00f3n\u201d (Rivadavia 1670, entre Corrientes y Lisandro de la Torre), en dos turnos: de 9 a 12 hs y de 14 a 17 hs.<\/p>\n<p>Los interesados pueden inscribirse ingresando en: https:\/\/forms.gle\/8u56hTbqg7r8NZBF9<\/p>\n<p>Condiciones de participaci\u00f3n:<br \/>\n\u2022Inscripci\u00f3n personal (una persona por moto)<br \/>\n\u2022Cupos limitados: 40 participantes por curso<br \/>\n\u2022Llevar casco, motocicleta y licencia de conducir vigente<br \/>\n\u2022Ropa c\u00f3moda y botella de agua<br \/>\n\u2022La inscripci\u00f3n se confirmar\u00e1 por correo electr\u00f3nico<\/p>\n<p>Al finalizar, se realizar\u00e1 el canje de cascos usados por cascos nuevos homologados para todos los participantes.<\/p>\n<p>La intendente, Paula Mitre, destac\u00f3 la importancia de esta iniciativa: \u201cEsta capacitaci\u00f3n es una herramienta concreta para cuidar la vida de nuestros vecinos. Apostamos a la educaci\u00f3n vial como camino para construir una comunidad m\u00e1s segura y responsable. Quiero agradecer especialmente a la APSV por pensar en nuestra ciudad para desarrollar esta jornada\u201d.<\/p>\n<p><strong>\u00bfPor qu\u00e9 es importante esta capacitaci\u00f3n?<\/strong><\/p>\n<p>Porque esta capacitaci\u00f3n tiene como objetivo mejorar las habilidades t\u00e9cnicas de los conductores y promover el cumplimiento de las normas de tr\u00e1nsito, contribuyendo as\u00ed a una circulaci\u00f3n m\u00e1s segura y responsable en la ciudad.<\/p>\n<p>La actividad estar\u00e1 a cargo de instructores especializados de la APSV, quienes abordar\u00e1n los contenidos de forma did\u00e1ctica, diferenciando los niveles de experiencia de los participantes (principiantes y avanzados).<\/p>\n<p>Durante la jornada se trabajar\u00e1 sobre los siguientes contenidos:<br \/>\n\u2022Buenas pr\u00e1cticas de conducci\u00f3n<br \/>\n\u2022Postura y gesti\u00f3n de la mirada<br \/>\n\u2022T\u00e9cnicas de frenado de emergencia<br \/>\n\u2022Uso correcto del casco y equipo de protecci\u00f3n<\/p>\n","protected":false},"excerpt":{"rendered":"<p>La Agencia Provincial de Seguridad Vial (APSV) y la Municipalidad de Vera invitan a participar de la Cl\u00ednica de Conducci\u00f3n Segura de Motos, una jornada gratuita de formaci\u00f3n te\u00f3rico-pr\u00e1ctica destinada a quienes utilizan motocicletas como herramienta de trabajo y al p\u00fablico en general. La cl\u00ednica se desarrollar\u00e1 el martes 29 de julio en el Complejo [&hellip;]<\/p>\n","protected":false},"author":3,"featured_media":64763,"comment_status":"closed","ping_status":"closed","sticky":false,"template":"","format":"standard","meta":{"_joinchat":[],"footnotes":""},"categories":[53],"tags":[],"class_list":{"0":"post-64762","1":"post","2":"type-post","3":"status-publish","4":"format-standard","5":"has-post-thumbnail","7":"category-vera"},"_links":{"self":[{"href":"https:\/\/infovera.com.ar\/web\/wp-json\/wp\/v2\/posts\/64762","targetHints":{"allow":["GET"]}}],"collection":[{"href":"https:\/\/infovera.com.ar\/web\/wp-json\/wp\/v2\/posts"}],"about":[{"href":"https:\/\/infovera.com.ar\/web\/wp-json\/wp\/v2\/types\/post"}],"author":[{"embeddable":true,"href":"https:\/\/infovera.com.ar\/web\/wp-json\/wp\/v2\/users\/3"}],"replies":[{"embeddable":true,"href":"https:\/\/infovera.com.ar\/web\/wp-json\/wp\/v2\/comments?post=64762"}],"version-history":[{"count":0,"href":"https:\/\/infovera.com.ar\/web\/wp-json\/wp\/v2\/posts\/64762\/revisions"}],"wp:featuredmedia":[{"embeddable":true,"href":"https:\/\/infovera.com.ar\/web\/wp-json\/wp\/v2\/media\/64763"}],"wp:attachment":[{"href":"https:\/\/infovera.com.ar\/web\/wp-json\/wp\/v2\/media?parent=64762"}],"wp:term":[{"taxonomy":"category","embeddable":true,"href":"https:\/\/infovera.com.ar\/web\/wp-json\/wp\/v2\/categories?post=64762"},{"taxonomy":"post_tag","embeddable":true,"href":"https:\/\/infovera.com.ar\/web\/wp-json\/wp\/v2\/tags?post=64762"}],"curies":[{"name":"wp","href":"https:\/\/api.w.org\/{rel}","templated":true}]}}