{"id":64757,"date":"2025-07-22T09:00:20","date_gmt":"2025-07-22T12:00:20","guid":{"rendered":"https:\/\/infovera.com.ar\/web\/?p=64757"},"modified":"2025-07-23T10:42:37","modified_gmt":"2025-07-23T13:42:37","slug":"esclarecieron-los-robos-al-colegio-parroquial","status":"publish","type":"post","link":"https:\/\/infovera.com.ar\/web\/2025\/07\/22\/esclarecieron-los-robos-al-colegio-parroquial\/","title":{"rendered":"Esclarecieron los robos al Colegio Parroquial"},"content":{"rendered":"<p><strong>Personal de la Secci\u00f3n Comando Radioel\u00e9ctrico de la Unidad Regional XIX logr\u00f3 esclarecer un hecho de robo calificado ocurrido el pasado 7 de julio, en perjuicio de una instituci\u00f3n escolar ubicada en calle Moreno al 1800, de la ciudad de Vera.<\/strong><\/p>\n<p>Seg\u00fan el parte oficial, la escuela fue v\u00edctima del delito en dos oportunidades y, tras tareas investigativas realizadas por los efectivos, se logr\u00f3 establecer que dos j\u00f3venes de 21 a\u00f1os de edad, ambos con domicilio en Vera, no ser\u00edan ajenos al hecho.<\/p>\n<p>El fiscal en turno fue informado sobre los avances en la causa y dispuso las diligencias correspondientes para continuar con el proceso judicial.<\/p>\n","protected":false},"excerpt":{"rendered":"<p>Personal de la Secci\u00f3n Comando Radioel\u00e9ctrico de la Unidad Regional XIX logr\u00f3 esclarecer un hecho de robo calificado ocurrido el pasado 7 de julio, en perjuicio de una instituci\u00f3n escolar ubicada en calle Moreno al 1800, de la ciudad de Vera. Seg\u00fan el parte oficial, la escuela fue v\u00edctima del delito en dos oportunidades y, [&hellip;]<\/p>\n","protected":false},"author":3,"featured_media":64380,"comment_status":"closed","ping_status":"closed","sticky":false,"template":"","format":"standard","meta":{"_joinchat":[],"footnotes":""},"categories":[30,53],"tags":[],"class_list":{"0":"post-64757","1":"post","2":"type-post","3":"status-publish","4":"format-standard","5":"has-post-thumbnail","7":"category-policiales","8":"category-vera"},"_links":{"self":[{"href":"https:\/\/infovera.com.ar\/web\/wp-json\/wp\/v2\/posts\/64757","targetHints":{"allow":["GET"]}}],"collection":[{"href":"https:\/\/infovera.com.ar\/web\/wp-json\/wp\/v2\/posts"}],"about":[{"href":"https:\/\/infovera.com.ar\/web\/wp-json\/wp\/v2\/types\/post"}],"author":[{"embeddable":true,"href":"https:\/\/infovera.com.ar\/web\/wp-json\/wp\/v2\/users\/3"}],"replies":[{"embeddable":true,"href":"https:\/\/infovera.com.ar\/web\/wp-json\/wp\/v2\/comments?post=64757"}],"version-history":[{"count":0,"href":"https:\/\/infovera.com.ar\/web\/wp-json\/wp\/v2\/posts\/64757\/revisions"}],"wp:featuredmedia":[{"embeddable":true,"href":"https:\/\/infovera.com.ar\/web\/wp-json\/wp\/v2\/media\/64380"}],"wp:attachment":[{"href":"https:\/\/infovera.com.ar\/web\/wp-json\/wp\/v2\/media?parent=64757"}],"wp:term":[{"taxonomy":"category","embeddable":true,"href":"https:\/\/infovera.com.ar\/web\/wp-json\/wp\/v2\/categories?post=64757"},{"taxonomy":"post_tag","embeddable":true,"href":"https:\/\/infovera.com.ar\/web\/wp-json\/wp\/v2\/tags?post=64757"}],"curies":[{"name":"wp","href":"https:\/\/api.w.org\/{rel}","templated":true}]}}