{"id":64754,"date":"2025-07-22T21:51:34","date_gmt":"2025-07-23T00:51:34","guid":{"rendered":"https:\/\/infovera.com.ar\/web\/?p=64754"},"modified":"2025-07-22T21:51:34","modified_gmt":"2025-07-23T00:51:34","slug":"roberto-mirabella-presento-su-nuevo-libro-la-republica-de-santa-fe","status":"publish","type":"post","link":"https:\/\/infovera.com.ar\/web\/2025\/07\/22\/roberto-mirabella-presento-su-nuevo-libro-la-republica-de-santa-fe\/","title":{"rendered":"Recorrida por el norte: Roberto Mirabella present\u00f3 su nuevo libro &#8220;La Rep\u00fablica de Santa Fe&#8221;"},"content":{"rendered":"<p><strong>En la Facultad Regional Reconquista de la UTN, el legislador santafesino present\u00f3 una obra que no es solo una queja, sino una propuesta contundente para terminar con el centralismo porte\u00f1o.<\/strong> \u201cBasta de sacarle a Santa Fe lo que es de Santa Fe. No podemos seguir financiando el privilegio porte\u00f1o con el esfuerzo del coraz\u00f3n productivo del pa\u00eds\u201d, afirm\u00f3.<\/p>\n<p>La presentaci\u00f3n form\u00f3 parte de una gira que incluy\u00f3 San Justo, Gobernador Crespo y Calchaqu\u00ed, donde visit\u00f3 la f\u00e1brica de muebles Presisso, reconocida a nivel nacional por su tecnolog\u00eda, y un feedlot de producci\u00f3n ganadera. En los pr\u00f3ximos d\u00edas estar\u00e1 en San Javier, Cayast\u00e1 y Rinc\u00f3n. \u201cDesde el norte de la Rep\u00fablica de Santa Fe late el coraz\u00f3n productivo de la Argentina\u201d, subray\u00f3 Mirabella.<\/p>\n","protected":false},"excerpt":{"rendered":"<p>En la Facultad Regional Reconquista de la UTN, el legislador santafesino present\u00f3 una obra que no es solo una queja, sino una propuesta contundente para terminar con el centralismo porte\u00f1o. \u201cBasta de sacarle a Santa Fe lo que es de Santa Fe. No podemos seguir financiando el privilegio porte\u00f1o con el esfuerzo del coraz\u00f3n productivo [&hellip;]<\/p>\n","protected":false},"author":3,"featured_media":64755,"comment_status":"closed","ping_status":"closed","sticky":false,"template":"","format":"standard","meta":{"_joinchat":[],"footnotes":""},"categories":[61],"tags":[],"class_list":{"0":"post-64754","1":"post","2":"type-post","3":"status-publish","4":"format-standard","5":"has-post-thumbnail","7":"category-regionales"},"_links":{"self":[{"href":"https:\/\/infovera.com.ar\/web\/wp-json\/wp\/v2\/posts\/64754","targetHints":{"allow":["GET"]}}],"collection":[{"href":"https:\/\/infovera.com.ar\/web\/wp-json\/wp\/v2\/posts"}],"about":[{"href":"https:\/\/infovera.com.ar\/web\/wp-json\/wp\/v2\/types\/post"}],"author":[{"embeddable":true,"href":"https:\/\/infovera.com.ar\/web\/wp-json\/wp\/v2\/users\/3"}],"replies":[{"embeddable":true,"href":"https:\/\/infovera.com.ar\/web\/wp-json\/wp\/v2\/comments?post=64754"}],"version-history":[{"count":0,"href":"https:\/\/infovera.com.ar\/web\/wp-json\/wp\/v2\/posts\/64754\/revisions"}],"wp:featuredmedia":[{"embeddable":true,"href":"https:\/\/infovera.com.ar\/web\/wp-json\/wp\/v2\/media\/64755"}],"wp:attachment":[{"href":"https:\/\/infovera.com.ar\/web\/wp-json\/wp\/v2\/media?parent=64754"}],"wp:term":[{"taxonomy":"category","embeddable":true,"href":"https:\/\/infovera.com.ar\/web\/wp-json\/wp\/v2\/categories?post=64754"},{"taxonomy":"post_tag","embeddable":true,"href":"https:\/\/infovera.com.ar\/web\/wp-json\/wp\/v2\/tags?post=64754"}],"curies":[{"name":"wp","href":"https:\/\/api.w.org\/{rel}","templated":true}]}}