{"id":64750,"date":"2025-07-22T21:47:11","date_gmt":"2025-07-23T00:47:11","guid":{"rendered":"https:\/\/infovera.com.ar\/web\/?p=64750"},"modified":"2025-07-22T21:47:11","modified_gmt":"2025-07-23T00:47:11","slug":"sospechan-que-fueron-intencionales-dos-incendios-forestales-ocurridos-en-reconquista","status":"publish","type":"post","link":"https:\/\/infovera.com.ar\/web\/2025\/07\/22\/sospechan-que-fueron-intencionales-dos-incendios-forestales-ocurridos-en-reconquista\/","title":{"rendered":"Sospechan que fueron intencionales dos incendios forestales ocurridos en Reconquista"},"content":{"rendered":"<p><strong>Ambos episodios afectaron \u00e1reas cercanas a espacios p\u00fablicos y naturales, con riesgo para personas, bienes y el ecosistema.<\/strong><\/p>\n<p>El secretario de Control P\u00fablico de la Municipalidad de Reconquista, Nicol\u00e1s Sandrigo, present\u00f3 dos denuncias formales ante la Unidad Fiscal Reconquista del MPA por incendios forestales ocurridos en distintos puntos de la ciudad durante el mes de julio. Ambos episodios afectaron \u00e1reas cercanas a espacios p\u00fablicos y naturales, con riesgo para personas, bienes y el ecosistema.<\/p>\n<div style=\"width: 478px;\" class=\"wp-video\"><video class=\"wp-video-shortcode\" id=\"video-64750-1\" width=\"478\" height=\"850\" preload=\"metadata\" controls=\"controls\"><source type=\"video\/mp4\" src=\"https:\/\/infovera.com.ar\/web\/wp-content\/uploads\/2025\/07\/WhatsApp-Video-2025-07-20-at-8.17.41-PM.mp4?_=1\" \/><a href=\"https:\/\/infovera.com.ar\/web\/wp-content\/uploads\/2025\/07\/WhatsApp-Video-2025-07-20-at-8.17.41-PM.mp4\">https:\/\/infovera.com.ar\/web\/wp-content\/uploads\/2025\/07\/WhatsApp-Video-2025-07-20-at-8.17.41-PM.mp4<\/a><\/video><\/div>\n<p>El primer siniestro fue reportado el 15 de julio, a las 18:55, en inmediaciones del Camping Municipal, sobre calle Independencia al 1300, hacia el norte. Seg\u00fan consta en la denuncia, el fuego puso &#8220;en peligro cierto a personas, bienes materiales, as\u00ed como a la flora y fauna aut\u00f3ctona&#8221;. Sandrigo solicit\u00f3 que se investigue si los hechos configuran un delito y, en tal caso, se identifique y sancione a los responsables.<\/p>\n<p>El segundo incendio tuvo lugar el 20 de julio, a las 16:34, detr\u00e1s del predio de campo La Rural y el Vivero Municipal, en calle Rossi al 3600. Seg\u00fan la presentaci\u00f3n online, el terreno afectado pertenecer\u00eda a la familia Korolko y las llamas se extendieron a campos vecinos. Tambi\u00e9n en este caso se solicit\u00f3 determinar si hubo intencionalidad o negligencia punible y proceder en consecuencia.<\/p>\n<p>Desde el gobierno municipal remarcaron la gravedad ambiental de estos sucesos y subrayaron que los incendios no solo da\u00f1an la vegetaci\u00f3n y la fauna local, sino que tambi\u00e9n ponen en riesgo la salud y seguridad de la comunidad.<\/p>\n","protected":false},"excerpt":{"rendered":"<p>Ambos episodios afectaron \u00e1reas cercanas a espacios p\u00fablicos y naturales, con riesgo para personas, bienes y el ecosistema. El secretario de Control P\u00fablico de la Municipalidad de Reconquista, Nicol\u00e1s Sandrigo, present\u00f3 dos denuncias formales ante la Unidad Fiscal Reconquista del MPA por incendios forestales ocurridos en distintos puntos de la ciudad durante el mes de [&hellip;]<\/p>\n","protected":false},"author":3,"featured_media":64751,"comment_status":"closed","ping_status":"closed","sticky":false,"template":"","format":"standard","meta":{"_joinchat":[],"footnotes":""},"categories":[30,61],"tags":[],"class_list":{"0":"post-64750","1":"post","2":"type-post","3":"status-publish","4":"format-standard","5":"has-post-thumbnail","7":"category-policiales","8":"category-regionales"},"_links":{"self":[{"href":"https:\/\/infovera.com.ar\/web\/wp-json\/wp\/v2\/posts\/64750","targetHints":{"allow":["GET"]}}],"collection":[{"href":"https:\/\/infovera.com.ar\/web\/wp-json\/wp\/v2\/posts"}],"about":[{"href":"https:\/\/infovera.com.ar\/web\/wp-json\/wp\/v2\/types\/post"}],"author":[{"embeddable":true,"href":"https:\/\/infovera.com.ar\/web\/wp-json\/wp\/v2\/users\/3"}],"replies":[{"embeddable":true,"href":"https:\/\/infovera.com.ar\/web\/wp-json\/wp\/v2\/comments?post=64750"}],"version-history":[{"count":0,"href":"https:\/\/infovera.com.ar\/web\/wp-json\/wp\/v2\/posts\/64750\/revisions"}],"wp:featuredmedia":[{"embeddable":true,"href":"https:\/\/infovera.com.ar\/web\/wp-json\/wp\/v2\/media\/64751"}],"wp:attachment":[{"href":"https:\/\/infovera.com.ar\/web\/wp-json\/wp\/v2\/media?parent=64750"}],"wp:term":[{"taxonomy":"category","embeddable":true,"href":"https:\/\/infovera.com.ar\/web\/wp-json\/wp\/v2\/categories?post=64750"},{"taxonomy":"post_tag","embeddable":true,"href":"https:\/\/infovera.com.ar\/web\/wp-json\/wp\/v2\/tags?post=64750"}],"curies":[{"name":"wp","href":"https:\/\/api.w.org\/{rel}","templated":true}]}}