{"id":64747,"date":"2025-07-22T21:35:42","date_gmt":"2025-07-23T00:35:42","guid":{"rendered":"https:\/\/infovera.com.ar\/web\/?p=64747"},"modified":"2025-07-22T21:35:42","modified_gmt":"2025-07-23T00:35:42","slug":"anuncian-las-obras-que-participaran-de-los-certamenes-anuales-del-museo-de-bellas-artes-rosa-galisteo-de-rodriguez","status":"publish","type":"post","link":"https:\/\/infovera.com.ar\/web\/2025\/07\/22\/anuncian-las-obras-que-participaran-de-los-certamenes-anuales-del-museo-de-bellas-artes-rosa-galisteo-de-rodriguez\/","title":{"rendered":"Anuncian las obras que participar\u00e1n de los cert\u00e1menes anuales del Museo de Bellas Artes \u201cRosa Galisteo de Rodr\u00edguez\u201d"},"content":{"rendered":"<p><strong>Se trata de las seleccionadas para el 102\u00ba Sal\u00f3n Anual Nacional de Santa Fe, la Selecci\u00f3n Caillet Bois y del 8\u00ba Certamen Padeletti. La apertura al p\u00fablico ser\u00e1 el 14 de agosto.<\/strong><\/p>\n<p>El Gobierno de Santa Fe, a trav\u00e9s del Ministerio de Cultura, anuncia las 25 obras seleccionadas para participar del 102\u00ba Sal\u00f3n Anual Nacional de Santa Fe; 8 de la nueva secci\u00f3n denominada \u201cSelecci\u00f3n Caillet Bois. Arte santafesino contempor\u00e1neo\u201d y la correspondiente al 8\u00ba Certamen Padeletti del Museo Provincial de Bellas Artes \u201cRosa Galisteo de Rodr\u00edguez\u201d.<\/p>\n<p>El veredicto de los jurados, integrado por Nicola Costantino, Jimena Ferreiro y Gabriel Cepeda, se\u00f1ala que \u201cel conjunto de artistas seleccionados para esta edici\u00f3n se organiz\u00f3 a partir de criterios establecidos de forma org\u00e1nica y en pleno acuerdo. La paridad de g\u00e9nero fue un norte y una meta cumplida, as\u00ed como la representaci\u00f3n regional que permite comprender las diversas formaciones y tradiciones art\u00edsticas\u201d.<\/p>\n<p>Cabe se\u00f1alar que los artistas seleccionados recibir\u00e1n $ 190.000 por la exhibici\u00f3n de sus obras y $ 120 mil para gastos de transporte, embalaje y seguros. El museo brindar\u00e1 equipamiento t\u00e9cnico y mobiliario est\u00e1ndar para la exhibici\u00f3n de las obras. La muestra se abrir\u00e1 al p\u00fablico el 14 de agosto. En total se presentaron 631 obras. Seleccionados:<\/p>\n<p><strong>Del 102\u00ba Sal\u00f3n Anual Nacional de Santa Fe<\/strong><\/p>\n<p>Las obras seleccionadas son \u201cLa oscuridad de los martes\u201d, de In\u00e9s Arechaga; \u201cFlorero de barro (In memoriam Eugenio Daneri)\u201d, de Mariano Benavente; \u201cLlamadas III\u201d de Ana Florencia Breccia; \u201cIntus foris\u201d de Cinthia De Levie; \u201cEl beso de Julio y Antonio\u201d, de Mariana De Matteis; \u201cHabitando en el nido de la memoria: el camino de la hero\u00edna\u201d, de Clara Aida Di Roma; \u201cLas horas perfectas\u201d, de Malcon D\u2019Stefano; \u201cInventario de ajenidades, de Mar\u00eda Emilia Hendreich; \u201cSin t\u00edtulo #20, Empalme Grunbein Calder\u00f3n\u201d de Rodrigo Illescas; \u201cRadio de Cuadros, Pinturas contadas, Temporada 1\u201d de Juliana Iriart; \u201cMuestrario con rojos\u201d de Mar\u00eda Laura Ise; \u201cEl desierto crece\u201d de Victoria Liguori; \u201cMarcha f\u00fanebre por una marioneta\u201d de Juli\u00e1n Matta; \u201cLa adoraci\u00f3n\u201d de Alicia Carolina Nakatsuka; \u201cBanco escultura\u201d de Laura Ojeda B\u00e4r; \u201cEjercicios Espirituales\u201d de Malen Ota\u00f1o y Suyai Ota\u00f1o; \u201cGloria\u201d de Nicol\u00e1s Esteban Rasilla; \u201cNPC\u201d de Francisco Ratti; \u201cEl cazador y la despedida\u201d de Juan Ignacio Reos; \u201cNi\u00f1os Junteros: \u00bfY si los ves pasar y no hablan?\u201d de Jorge Alberto Ricciardulli; \u201cSin t\u00edtulo\u201d de Lucas Rimsky; \u201c14 o la desaparici\u00f3n\u201d de Nicol\u00e1s Sebasti\u00e1n Rodr\u00edguez; \u201cCamionera\u201d de Nadia Bel\u00e9n Romero Gunset; \u201cPintura de despedida\u201d, de Amanda Tejo Viviani y \u201cWrangler\u201d, de Mar\u00eda B\u00e1rbara Venancio.<\/p>\n<p><strong>Selecci\u00f3n Caillet Bois<\/strong><\/p>\n<p>El nombre de esta selecci\u00f3n rinde homenaje al primer director del Museo, Horacio Caillet Bois, quien impuls\u00f3 la construcci\u00f3n de una colecci\u00f3n p\u00fablica de relevancia internacional.<br \/>\nLas obras seleccionadas son \u201cXI, XII y XIII\u201d de Daniela Alejandra Arnaudo; \u201cComo perros\u201d de Gast\u00f3n Ezequiel Cerbino; \u201cLa sombra del pl\u00e1tano\u201d de Judith Gardiol; \u201cSue\u00f1o de una noche Litorale\u00f1a\u201d de Agust\u00edn M\u00edguez; \u201cSin T\u00edtulo\u201d de Mar\u00eda Agustina Mi\u00f1ones; \u201cEse fuego interior\u201d de Maximiliano Peralta Rodr\u00edguez; \u201cLa mirada desde afuera. \u00c1rbol\u201d de Cintia Clara Romero y \u201cBanquinera\u201d de Sof\u00eda Rossa.<\/p>\n<p><strong>El Certamen Padeletti y la colecci\u00f3n de calcos de El Rosa<\/strong><\/p>\n<p>En la 8va edici\u00f3n del Certamen Padeletti la obra seleccionada como \u201cest\u00edmulo a la investigaci\u00f3n en el campo de las artes\u201d fue galardonada la investigadora Milena Gallipoli por su proyecto \u201cLos dioses del Olimpo bajan a Santa Fe: una colecci\u00f3n de calcos escult\u00f3ricos del Museo Rosa Galisteo\u201d. La investigadora recibir\u00e1 una asignaci\u00f3n de un mill\u00f3n doscientos mil pesos para desarrollar su proyecto, en el t\u00e9rmino de once meses.<\/p>\n<p>El Jurado estuvo integrado por Berenice Gustavino, Ornela Barisone y Juan Cruz P\u00e9rez, quienes adem\u00e1s otorgaron una menci\u00f3n honor\u00edfica al proyecto \u201cR\u00edo Paran\u00e1, ese compa\u00f1ero vulnerable. Rastros de la trayectoria art\u00edstico pedag\u00f3gica de Ra\u00fal Schurjin en Santa Fe (1927-1958)\u201d, presentado por Juan Nicol\u00e1s Cuello.<\/p>\n<p><strong>M\u00e1s informaci\u00f3n<\/strong><\/p>\n<p>El Museo Provincial de Bellas Artes \u201cRosa Galisteo de Rodr\u00edguez\u201d est\u00e1 ubicado en calle 4 de Enero 1552, de la ciudad de Santa Fe. Es un espacio cultural de entrada libre y gratuita. Para m\u00e1s informaci\u00f3n se puede consultar su p\u00e1gina web www.museorosagalisteo.gob.ar<\/p>\n","protected":false},"excerpt":{"rendered":"<p>Se trata de las seleccionadas para el 102\u00ba Sal\u00f3n Anual Nacional de Santa Fe, la Selecci\u00f3n Caillet Bois y del 8\u00ba Certamen Padeletti. La apertura al p\u00fablico ser\u00e1 el 14 de agosto. El Gobierno de Santa Fe, a trav\u00e9s del Ministerio de Cultura, anuncia las 25 obras seleccionadas para participar del 102\u00ba Sal\u00f3n Anual Nacional [&hellip;]<\/p>\n","protected":false},"author":3,"featured_media":64748,"comment_status":"closed","ping_status":"closed","sticky":false,"template":"","format":"standard","meta":{"_joinchat":[],"footnotes":""},"categories":[40,60],"tags":[],"class_list":{"0":"post-64747","1":"post","2":"type-post","3":"status-publish","4":"format-standard","5":"has-post-thumbnail","7":"category-cultura","8":"category-provinciales"},"_links":{"self":[{"href":"https:\/\/infovera.com.ar\/web\/wp-json\/wp\/v2\/posts\/64747","targetHints":{"allow":["GET"]}}],"collection":[{"href":"https:\/\/infovera.com.ar\/web\/wp-json\/wp\/v2\/posts"}],"about":[{"href":"https:\/\/infovera.com.ar\/web\/wp-json\/wp\/v2\/types\/post"}],"author":[{"embeddable":true,"href":"https:\/\/infovera.com.ar\/web\/wp-json\/wp\/v2\/users\/3"}],"replies":[{"embeddable":true,"href":"https:\/\/infovera.com.ar\/web\/wp-json\/wp\/v2\/comments?post=64747"}],"version-history":[{"count":0,"href":"https:\/\/infovera.com.ar\/web\/wp-json\/wp\/v2\/posts\/64747\/revisions"}],"wp:featuredmedia":[{"embeddable":true,"href":"https:\/\/infovera.com.ar\/web\/wp-json\/wp\/v2\/media\/64748"}],"wp:attachment":[{"href":"https:\/\/infovera.com.ar\/web\/wp-json\/wp\/v2\/media?parent=64747"}],"wp:term":[{"taxonomy":"category","embeddable":true,"href":"https:\/\/infovera.com.ar\/web\/wp-json\/wp\/v2\/categories?post=64747"},{"taxonomy":"post_tag","embeddable":true,"href":"https:\/\/infovera.com.ar\/web\/wp-json\/wp\/v2\/tags?post=64747"}],"curies":[{"name":"wp","href":"https:\/\/api.w.org\/{rel}","templated":true}]}}