{"id":64744,"date":"2025-07-22T21:23:18","date_gmt":"2025-07-23T00:23:18","guid":{"rendered":"https:\/\/infovera.com.ar\/web\/?p=64744"},"modified":"2025-07-22T21:23:18","modified_gmt":"2025-07-23T00:23:18","slug":"mercado-pago-debera-cesar-el-cobro-de-un-prestamo-solicitado-mediante-una-estafa","status":"publish","type":"post","link":"https:\/\/infovera.com.ar\/web\/2025\/07\/22\/mercado-pago-debera-cesar-el-cobro-de-un-prestamo-solicitado-mediante-una-estafa\/","title":{"rendered":"Mercado Pago deber\u00e1 cesar\u00a0el cobro de un pr\u00e9stamo\u00a0solicitado mediante una estafa"},"content":{"rendered":"<p><strong>As\u00ed fue resuelto judicialmente a partir de un pedido formulado por el MPA en los tribunales de la capital provincial.\u00a0Se trata de una medida de cese del estado antijur\u00eddico\u00a0solicitada por\u00a0el fiscal Agust\u00edn Nigro.\u00a0La deuda contra\u00edda de forma fraudulenta era de 6.700.000 pesos. La maniobra\u00a0delictiva\u00a0fue cometida en abril de este a\u00f1o\u00a0y, de acuerdo con la investigaci\u00f3n, la autora ser\u00eda una mujer que trabaj\u00f3 en el negocio.<\/strong><\/p>\n<p>La billetera virtual Mercado Pago deber\u00e1 cesar el cobro de un pr\u00e9stamo de 6.700.000 pesos solicitado mediante una estafa desde una cuenta de la que es titular una empresa gastron\u00f3mica de la ciudad de Santa Fe.<\/p>\n<p>As\u00ed fue resuelto judicialmente a partir de un pedido formulado por el MPA en los tribunales de la capital provincial. La medida fue requerida por el fiscal Agust\u00edn Nigro e impuesta por el juez de la Investigaci\u00f3n Penal Preparatoria (IPP), Octavio Silva, en una audiencia de cese del estado antijur\u00eddico.<\/p>\n<p>De acuerdo con la investigaci\u00f3n penal que dirige Nigro, la autora de la estafa ser\u00eda una mujer de 30 a\u00f1os que trabaj\u00f3 en el local comercial. Actualmente, no est\u00e1 en el pa\u00eds, pero ya fue identificada y se emiti\u00f3 la correspondiente orden de detenci\u00f3n.<\/p>\n<p><strong>S\u00e1bado a la noche<\/strong><\/p>\n<p>El funcionario del MPA indic\u00f3 que \u201cel il\u00edcito fue cometido el s\u00e1bado 19 de abril alrededor de las 22:00\u201d. Especific\u00f3 que \u201cel cr\u00e9dito fue solicitado desde la cuenta de las v\u00edctimas y el dinero recibido se transfiri\u00f3 a un tercero, junto con otros 300.000 pesos que hab\u00eda en la billetera virtual\u201d, y aclar\u00f3 que \u201cla destinataria final fue la imputada\u201d.<\/p>\n<p>En relaci\u00f3n a la mujer investigada, Nigro afirm\u00f3 que \u201cpara individualizarla, se sigui\u00f3 la ruta del dinero y se analizaron registros de c\u00e1maras de videovigilancia en las que se la puede identificar por sus caracter\u00edsticas f\u00edsicas y la ropa que llevaba al momento del hecho delictivo\u201d. A su vez, agreg\u00f3 que \u201cse geolocalizaron conexiones a la plataforma que dieron como resultado el domicilio de la imputada\u201d.<\/p>\n<p>Asimismo, el fiscal relat\u00f3 que \u201cla noche en la que se solicit\u00f3 el pr\u00e9stamo, la investigada ingres\u00f3 sin autorizaci\u00f3n a un local gastron\u00f3mico ubicado en calle Suipacha al 2.300, donde las v\u00edctimas desarrollan su actividad comercial\u201d, y mencion\u00f3 que \u201cen ese momento, el negocio estaba cerrado\u201d. Seg\u00fan precis\u00f3, \u201cla mujer es una exempleada y us\u00f3 una llave para entrar por la puerta principal sin forzar la abertura\u201d.<\/p>\n<p>El fiscal tambi\u00e9n expuso que \u201cen los videos se observa que la imputada apag\u00f3 el circuito el\u00e9ctrico, por lo que las c\u00e1maras dejaron de grabar luego de esa acci\u00f3n\u201d.<\/p>\n<p>En cuanto al modo en el que se concret\u00f3 la estafa, el fiscal explic\u00f3 que \u201cdesde una computadora del local en la que estaba abierta la plataforma de pagos y un tel\u00e9fono celular cuya l\u00ednea no pertenece a las v\u00edctimas, se modificaron contrase\u00f1as y se hicieron los movimientos de dinero\u201d.<\/p>\n<p><strong>Delitos<\/strong><\/p>\n<p>El fiscal detall\u00f3 que \u201clos delitos que investigamos en el marco del legajo son estafa por simulaci\u00f3n de identidad e ingreso ileg\u00edtimo a una base de datos privada de servicios financieros\u201d.<\/p>\n","protected":false},"excerpt":{"rendered":"<p>As\u00ed fue resuelto judicialmente a partir de un pedido formulado por el MPA en los tribunales de la capital provincial.\u00a0Se trata de una medida de cese del estado antijur\u00eddico\u00a0solicitada por\u00a0el fiscal Agust\u00edn Nigro.\u00a0La deuda contra\u00edda de forma fraudulenta era de 6.700.000 pesos. La maniobra\u00a0delictiva\u00a0fue cometida en abril de este a\u00f1o\u00a0y, de acuerdo con la investigaci\u00f3n, [&hellip;]<\/p>\n","protected":false},"author":3,"featured_media":64745,"comment_status":"closed","ping_status":"closed","sticky":false,"template":"","format":"standard","meta":{"_joinchat":[],"footnotes":""},"categories":[30,60],"tags":[],"class_list":{"0":"post-64744","1":"post","2":"type-post","3":"status-publish","4":"format-standard","5":"has-post-thumbnail","7":"category-policiales","8":"category-provinciales"},"_links":{"self":[{"href":"https:\/\/infovera.com.ar\/web\/wp-json\/wp\/v2\/posts\/64744","targetHints":{"allow":["GET"]}}],"collection":[{"href":"https:\/\/infovera.com.ar\/web\/wp-json\/wp\/v2\/posts"}],"about":[{"href":"https:\/\/infovera.com.ar\/web\/wp-json\/wp\/v2\/types\/post"}],"author":[{"embeddable":true,"href":"https:\/\/infovera.com.ar\/web\/wp-json\/wp\/v2\/users\/3"}],"replies":[{"embeddable":true,"href":"https:\/\/infovera.com.ar\/web\/wp-json\/wp\/v2\/comments?post=64744"}],"version-history":[{"count":0,"href":"https:\/\/infovera.com.ar\/web\/wp-json\/wp\/v2\/posts\/64744\/revisions"}],"wp:featuredmedia":[{"embeddable":true,"href":"https:\/\/infovera.com.ar\/web\/wp-json\/wp\/v2\/media\/64745"}],"wp:attachment":[{"href":"https:\/\/infovera.com.ar\/web\/wp-json\/wp\/v2\/media?parent=64744"}],"wp:term":[{"taxonomy":"category","embeddable":true,"href":"https:\/\/infovera.com.ar\/web\/wp-json\/wp\/v2\/categories?post=64744"},{"taxonomy":"post_tag","embeddable":true,"href":"https:\/\/infovera.com.ar\/web\/wp-json\/wp\/v2\/tags?post=64744"}],"curies":[{"name":"wp","href":"https:\/\/api.w.org\/{rel}","templated":true}]}}