{"id":64730,"date":"2025-07-22T10:01:22","date_gmt":"2025-07-22T13:01:22","guid":{"rendered":"https:\/\/infovera.com.ar\/web\/?p=64730"},"modified":"2025-07-22T10:01:22","modified_gmt":"2025-07-22T13:01:22","slug":"las-toscas-los-pumas-recuperaron-ganado-y-detuvieron-a-3-personas-por-abigeato","status":"publish","type":"post","link":"https:\/\/infovera.com.ar\/web\/2025\/07\/22\/las-toscas-los-pumas-recuperaron-ganado-y-detuvieron-a-3-personas-por-abigeato\/","title":{"rendered":"Las Toscas: los Pumas recuperaron ganado y detuvieron a 3 personas por abigeato"},"content":{"rendered":"<p>Sucedi\u00f3 como resultado de una propicia intervenci\u00f3n y oportunas pesquisas efectuadas por numerarios de la citada repartici\u00f3n de la Direcci\u00f3n Gral. de Seguridad Rural. Adem\u00e1s, incautaron un hierro de marca, celulares y dem\u00e1s objetos de inter\u00e9s judicial. Los trasladados quedaron a disposici\u00f3n de la Justicia.<\/p>\n<p>En cumplimiento de sus tareas preventivas y de seguridad que realizan a diario los agentes de la DGSR en todo el territorio santafesino, acorde a directivas de la Jefatura de Polic\u00eda provincial, polic\u00edas rurales de la Secci\u00f3n N\u00b0 9 de Villa Ocampo procedieron al recupero de vacunos de pelaje pampa colorado que hab\u00edan sido sustra\u00eddos en perjuicio de un productor ganadero de la zona campera de Las Toscas, delito perpetrado en las \u00faltimas horas.<\/p>\n<p>Ante tales circunstancias y luego de tomar conocimiento, \u00e1vida y expeditivamente los actuantes concretaron tareas investigativas acorde a los datos recabados y advirtieron en un campo cercano al semejante donde se perpetrara el il\u00edcito, animales con similares caracter\u00edsticas a las denunciadas por el damnificado.<\/p>\n<p>En efecto, y con los recaudos legales pertinentes, los uniformados entrevistaron e identificaron a los presuntos delincuentes y realizaron el secuestro de los semovientes, una camioneta con acoplado jaula de dos ejes, celulares, un hierro de marca, entre otros elementos.<\/p>\n<p>Una vez conocidas las novedades, debidamente comunicaron a la Unidad Fiscal competente quien dispuso notificar a los tres aprehendidos por Abigeato Calificado, y luego prosiguieron con las actuaciones procesales de rigor.<\/p>\n","protected":false},"excerpt":{"rendered":"<p>Sucedi\u00f3 como resultado de una propicia intervenci\u00f3n y oportunas pesquisas efectuadas por numerarios de la citada repartici\u00f3n de la Direcci\u00f3n Gral. de Seguridad Rural. Adem\u00e1s, incautaron un hierro de marca, celulares y dem\u00e1s objetos de inter\u00e9s judicial. Los trasladados quedaron a disposici\u00f3n de la Justicia. En cumplimiento de sus tareas preventivas y de seguridad que [&hellip;]<\/p>\n","protected":false},"author":3,"featured_media":64732,"comment_status":"closed","ping_status":"closed","sticky":false,"template":"","format":"standard","meta":{"_joinchat":[],"footnotes":""},"categories":[30],"tags":[],"class_list":{"0":"post-64730","1":"post","2":"type-post","3":"status-publish","4":"format-standard","5":"has-post-thumbnail","7":"category-policiales"},"_links":{"self":[{"href":"https:\/\/infovera.com.ar\/web\/wp-json\/wp\/v2\/posts\/64730","targetHints":{"allow":["GET"]}}],"collection":[{"href":"https:\/\/infovera.com.ar\/web\/wp-json\/wp\/v2\/posts"}],"about":[{"href":"https:\/\/infovera.com.ar\/web\/wp-json\/wp\/v2\/types\/post"}],"author":[{"embeddable":true,"href":"https:\/\/infovera.com.ar\/web\/wp-json\/wp\/v2\/users\/3"}],"replies":[{"embeddable":true,"href":"https:\/\/infovera.com.ar\/web\/wp-json\/wp\/v2\/comments?post=64730"}],"version-history":[{"count":0,"href":"https:\/\/infovera.com.ar\/web\/wp-json\/wp\/v2\/posts\/64730\/revisions"}],"wp:featuredmedia":[{"embeddable":true,"href":"https:\/\/infovera.com.ar\/web\/wp-json\/wp\/v2\/media\/64732"}],"wp:attachment":[{"href":"https:\/\/infovera.com.ar\/web\/wp-json\/wp\/v2\/media?parent=64730"}],"wp:term":[{"taxonomy":"category","embeddable":true,"href":"https:\/\/infovera.com.ar\/web\/wp-json\/wp\/v2\/categories?post=64730"},{"taxonomy":"post_tag","embeddable":true,"href":"https:\/\/infovera.com.ar\/web\/wp-json\/wp\/v2\/tags?post=64730"}],"curies":[{"name":"wp","href":"https:\/\/api.w.org\/{rel}","templated":true}]}}