{"id":64729,"date":"2025-07-22T10:04:32","date_gmt":"2025-07-22T13:04:32","guid":{"rendered":"https:\/\/infovera.com.ar\/web\/?p=64729"},"modified":"2025-07-23T10:42:06","modified_gmt":"2025-07-23T13:42:06","slug":"fiscalia-y-querella-pidieron-pena-de-prision-perpetua-para-ulises-troncoso-por-el-femicidio-sexual-de-mimi-burella","status":"publish","type":"post","link":"https:\/\/infovera.com.ar\/web\/2025\/07\/22\/fiscalia-y-querella-pidieron-pena-de-prision-perpetua-para-ulises-troncoso-por-el-femicidio-sexual-de-mimi-burella\/","title":{"rendered":"Fiscal\u00eda y querella pidieron pena de prisi\u00f3n perpetua para Ulises Troncoso, por el &#8220;femicidio sexual&#8221; de &#8220;Mimi&#8221; Burella"},"content":{"rendered":"<p><strong>El juicio por el brutal femicidio de Noem\u00ed &#8220;Mimi\u201d Burella (61), ocurrido en agosto de 2022 en la ciudad de Calchaqu\u00ed, comenz\u00f3 en la ma\u00f1ana del martes con un estremecedor alegato de apertura del fiscal Valent\u00edn Here\u00f1\u00fa,<\/strong> quien detall\u00f3 la mec\u00e1nica con que habr\u00eda ocurrido el hecho y el proceso investigativo que llev\u00f3 a imputar a Ulises Germ\u00e1n Troncoso como principal acusado, y a Jorge Zanel como encubridor.<\/p>\n<p>Seg\u00fan expuso en la sala principal del palacio judicial de Vera y ante el Tribunal integrado por los jueces penales Natalia Palud (presidente), Claudia Bress\u00e1n y Mart\u00edn Gauna Chapero, en la ma\u00f1ana del 19 de agosto, Rosana Burella, hija de la v\u00edctima, encontr\u00f3 a su madre asesinada en el comedor de su casa, con el rostro cubierto por un repasador, la ropa interior y la calza bajas, y signos de haber sido abusada sexualmente y golpeada de manera salvaje.<\/p>\n<p>Horas despu\u00e9s, la familia advirti\u00f3 la falta del tel\u00e9fono celular de Mimi y un gran desorden en su habitaci\u00f3n, lo que indicaba que alguien hab\u00eda buscado algo con intenci\u00f3n, prosigui\u00f3. La pista clave apareci\u00f3 cuatro d\u00edas m\u00e1s tarde, el 23 de agosto, cuando Jorge Zanel se present\u00f3 en la casa de la familia de Troncoso y entreg\u00f3 un celular negro a Leonardo Ca\u00f1ete, t\u00edo del acusado, reclamando que \u201cUlises se hiciera cargo. Esto provoc\u00f3 una conmoci\u00f3n familiar que fue comunicada a la polic\u00eda\u201d, rese\u00f1\u00f3.<\/p>\n<p>\u201cMinutos despu\u00e9s, cuatro efectivos de la Comisar\u00eda de Calchaqu\u00ed llegaron al domicilio\u201d, relat\u00f3 Here\u00f1\u00fa, y cit\u00f3 que \u201cuna madre embarazada se\u00f1al\u00f3 a su hijo diciendo \u2018este es el que buscan\u2019. Y, efectivamente, era Ulises Troncoso, a quien se buscaba porque esa misma noche en la que asesin\u00f3 a Mimi, le vendi\u00f3 el tel\u00e9fono a Jorge Zanel a cambio de marihuana, y en ese intercambio le confes\u00f3 lo que hab\u00eda hecho\u201d.<\/p>\n<p><strong>Hip\u00f3tesis<\/strong><\/p>\n<p>El fiscal pidi\u00f3 al Tribunal que analice el caso con perspectiva de g\u00e9nero, al tratarse de un \u201cfemicidio sexual no \u00edntimo\u201d y asegur\u00f3 que \u201cla \u00fanica respuesta adecuada del Estado debe ser la condena a prisi\u00f3n perpetua de Troncoso, como autor de un homicidio triplemente calificado\u201d por haber sido supuestamente cometido con alevos\u00eda, para procurar impunidad y en un contexto de violencia de g\u00e9nero.<\/p>\n<p>En esa l\u00ednea, adelant\u00f3 que solicitar\u00e1 la prisi\u00f3n perpetua para Ulises Germ\u00e1n Troncoso y una pena de 4 a\u00f1os y 6 meses de prisi\u00f3n para Jorge Zanel, acusado de encubrimiento agravado con \u00e1nimo de lucro.<\/p>\n<p><strong>Las abogadas querellantes Carolina Walker y AgustinaTaboada -que representan a la hija de v\u00edctima- coincidieron con las estimaciones de condena de los fiscales.<\/strong> La Dra. Taboada, que llev\u00f3 la voz cantante, describi\u00f3 que \u201csu cuerpo fue hallado por su \u00fanica hija, Rosana, en el piso del living de su casa. Ten\u00eda las calzas y la ropa interior bajas, el rostro cubierto con un repasador y signos visibles de haber sido brutalmente golpeada. Ese hallazgo, ese cuerpo, no s\u00f3lo constituyen la escena de un crimen, sino que representan la imagen m\u00e1s cruda de la violencia patriarcal. El cuerpo de una mujer, convertido -una vez m\u00e1s en nuestra provincia- en un campo de batalla\u201d.<\/p>\n<p>Para la querella, \u201cesa imagen de Mimi condensa lo que la antrop\u00f3loga Rita Segato conceptualiza como el cuerpo femenino convertido en territorio: un espacio donde se inscriben el dominio, la humillaci\u00f3n, la impunidad, la soberan\u00eda patriarcal. Y eso le pas\u00f3 a Mimi\u201d<\/p>\n<p>\u201cFue -y eso se reflejar\u00e1 en los testimonios que desfilar\u00e1n en este juicio- una mujer cercana, amorosa, sonriente, con una vida construida en comunidad, en v\u00ednculos, en rutinas. Viv\u00eda sola, s\u00ed, pero no estaba sola. Sin embargo, esa condici\u00f3n de mujer sola, adulta, en una ciudad del norte santafesino, fue aprovechada por Ulises Germ\u00e1n Troncoso, quien -seg\u00fan demostrar\u00e1 esta querella, junto con la Fiscal\u00eda- entr\u00f3 a su casa, la abus\u00f3 sexualmente y la asesin\u00f3 con extrema violencia\u201d, situ\u00f3.<\/p>\n<p><strong>En ese sentido previo a revelar que la evidencia que arroj\u00f3 la investigacion \u201ces contundente\u201d, calific\u00f3 al suceso como &#8220;un femicidio sexual. <\/strong>Un crimen que representa la forma m\u00e1s extrema de violencia contra las mujeres, especialmente cuando el asesinato ocurre luego de una agresi\u00f3n sexual\u201d<\/p>\n<p><strong>Pruebas y m\u00f3vil<\/strong><\/p>\n<p><strong>A su turno, el defensor p\u00fablico Mat\u00edas Daruich, en representaci\u00f3n del Troncoso, aleg\u00f3 que \u201ces inocente. <\/strong>No existen pruebas que fundamenten el pedido de condena de los acusadores. Se ha tra\u00eddo a juicio un hecho conmocionante, de gran impacto en la ciudad de Calchaqu\u00ed, y por ese clamor social hab\u00eda que encontrar un culpable\u201d.<\/p>\n<p>El funcionario dijo que \u00b7los investigadores de la por entonces recientemente creada Divisi\u00f3n de Femicidios no cesaron en su labor hasta dar con un responsable. Pero esta defensa ordenar\u00e1 cronol\u00f3gicamente esas actuaciones para que, al finalizar el debate, ustedes puedan preguntarse si realmente encontraron al verdadero autor del crimen&#8221;.<\/p>\n<p><strong>Daruich prometi\u00f3 acreditar a partir de pruebas propias que \u201cUlises es una persona muy diferente a como se lo ha descrito, y que en realidad existen m\u00e1s dudas que certezas sobre su vinculaci\u00f3n con este crimen\u201d.<\/strong><\/p>\n<p>Paralelamente, denunci\u00f3 que durante la etapa intermedia, \u201cmuchas resoluciones afectaron el ejercicio del derecho de defensa, sin que se resolvieran los recursos interpuestos\u201d.<\/p>\n<p>En su intervenci\u00f3n, el defensor vaticin\u00f3 que \u201ca lo largo del juicio quedar\u00e1 al descubierto que, en una investigaci\u00f3n marcada por la conmoci\u00f3n p\u00fablica, se realizaron numerosas tareas sin lograr encontrar al responsable\u201d, y se\u00f1al\u00f3 que \u201cla Fiscal\u00eda y la querella basan toda su acusaci\u00f3n en la declaraci\u00f3n del coimputado. No existe ning\u00fan testigo directo, ni ADN, ni sangre, ni huellas, ni videos, ni elementos que vinculen a Troncoso con el hecho. No hay prueba de abuso, ni m\u00f3vil. No hay elementos que justifiquen que Ulises Troncoso haya asesinado a Noem\u00ed Burella\u201d.<\/p>\n<p>Para concluir su alegato inicial, adelant\u00f3 que solicitar\u00e1 al final del debate la absoluci\u00f3n por el beneficio de la duda.<\/p>\n<p><strong>Atenuaci\u00f3n<\/strong><\/p>\n<p>Por \u00faltimo, los doctores Sixto Gonz\u00e1lez y Agust\u00edn Zanel, patrocinantes legales de Zanel arguyeron que \u201cvenimos a este juicio a demostrar que la participaci\u00f3n de nuestro defendido no encuadra en la figura de encubrimiento agravado, como plantea la Fiscal\u00eda. De acuerdo con la prueba que se producir\u00e1, sostenemos que en todo caso, podr\u00eda tratarse de un encubrimiento simple\u201d.<\/p>\n<p>\u201cEsta defensa probar\u00e1 que Zanel no ten\u00eda conocimiento del delito previo, no particip\u00f3 del hecho, ni actu\u00f3 con intenci\u00f3n dolosa de ayudar al autor del crimen. Por ello, solicitaremos que se eval\u00fae su conducta con ecuanimidad y justicia, conforme a lo que surja del debate\u201d, formul\u00f3 el abogado Gonz\u00e1lez, en busca de atenuar la posible pena para su pupilo.<\/p>\n<p><span style=\"color: #000000; font-size: 14px;\"><strong>\u201cUn desastre\u201d<\/strong><\/span><\/p>\n<p><span style=\"color: #000000; font-size: 14px;\">El comienzo del juicio oral por lo se considera un \u201cfemicidio sexual\u201d en perjuicio de Noem\u00ed Burella fue intricado. Previsto para que arranque a las 8, reci\u00e9n casi media hora despu\u00e9s la presidente del Tribunal pudo dejar abierto el debate, aunque solo de manera protocolar porque de inmediato decret\u00f3 un cuarto intermedio. El motivo: la falta de lugares para que se acomodaran fiscales, querellantes y defensores. Reci\u00e9n a las 9, y luego de que los responsables de la Oficina de Gesti\u00f3n Judicial reacomodaron escritorios y sillas, el juicio pudo seguir con los alegatos de apertura. Un integrante de Tribunal describi\u00f3 con crudeza no exenta de justeza lo que estaba ocurriendo: \u201cEsto es un desastre\u201d, fustig\u00f3.<\/span><\/p>\n<p><a href=\"https:\/\/infovera.com.ar\/web\/wp-content\/uploads\/2025\/07\/cha-p.jpg\"><img loading=\"lazy\" decoding=\"async\" class=\"alignleft size-full wp-image-64739\" src=\"https:\/\/infovera.com.ar\/web\/wp-content\/uploads\/2025\/07\/cha-p.jpg\" alt=\"\" width=\"913\" height=\"657\" srcset=\"https:\/\/infovera.com.ar\/web\/wp-content\/uploads\/2025\/07\/cha-p.jpg 913w, https:\/\/infovera.com.ar\/web\/wp-content\/uploads\/2025\/07\/cha-p-696x501.jpg 696w, https:\/\/infovera.com.ar\/web\/wp-content\/uploads\/2025\/07\/cha-p-584x420.jpg 584w\" sizes=\"auto, (max-width: 913px) 100vw, 913px\" \/><\/a><\/p>\n","protected":false},"excerpt":{"rendered":"<p>El juicio por el brutal femicidio de Noem\u00ed &#8220;Mimi\u201d Burella (61), ocurrido en agosto de 2022 en la ciudad de Calchaqu\u00ed, comenz\u00f3 en la ma\u00f1ana del martes con un estremecedor alegato de apertura del fiscal Valent\u00edn Here\u00f1\u00fa, quien detall\u00f3 la mec\u00e1nica con que habr\u00eda ocurrido el hecho y el proceso investigativo que llev\u00f3 a imputar [&hellip;]<\/p>\n","protected":false},"author":3,"featured_media":64734,"comment_status":"closed","ping_status":"closed","sticky":false,"template":"","format":"standard","meta":{"_joinchat":[],"footnotes":""},"categories":[30,53],"tags":[],"class_list":{"0":"post-64729","1":"post","2":"type-post","3":"status-publish","4":"format-standard","5":"has-post-thumbnail","7":"category-policiales","8":"category-vera"},"_links":{"self":[{"href":"https:\/\/infovera.com.ar\/web\/wp-json\/wp\/v2\/posts\/64729","targetHints":{"allow":["GET"]}}],"collection":[{"href":"https:\/\/infovera.com.ar\/web\/wp-json\/wp\/v2\/posts"}],"about":[{"href":"https:\/\/infovera.com.ar\/web\/wp-json\/wp\/v2\/types\/post"}],"author":[{"embeddable":true,"href":"https:\/\/infovera.com.ar\/web\/wp-json\/wp\/v2\/users\/3"}],"replies":[{"embeddable":true,"href":"https:\/\/infovera.com.ar\/web\/wp-json\/wp\/v2\/comments?post=64729"}],"version-history":[{"count":0,"href":"https:\/\/infovera.com.ar\/web\/wp-json\/wp\/v2\/posts\/64729\/revisions"}],"wp:featuredmedia":[{"embeddable":true,"href":"https:\/\/infovera.com.ar\/web\/wp-json\/wp\/v2\/media\/64734"}],"wp:attachment":[{"href":"https:\/\/infovera.com.ar\/web\/wp-json\/wp\/v2\/media?parent=64729"}],"wp:term":[{"taxonomy":"category","embeddable":true,"href":"https:\/\/infovera.com.ar\/web\/wp-json\/wp\/v2\/categories?post=64729"},{"taxonomy":"post_tag","embeddable":true,"href":"https:\/\/infovera.com.ar\/web\/wp-json\/wp\/v2\/tags?post=64729"}],"curies":[{"name":"wp","href":"https:\/\/api.w.org\/{rel}","templated":true}]}}