{"id":64717,"date":"2025-07-21T11:12:34","date_gmt":"2025-07-21T14:12:34","guid":{"rendered":"https:\/\/infovera.com.ar\/web\/?p=64717"},"modified":"2025-07-22T21:56:33","modified_gmt":"2025-07-23T00:56:33","slug":"concejales-se-reunieron-con-el-jefe-regional-de-la-epe-para-avanzar-en-la-regularizacion-del-servicio-electrico-en-la-ciudad","status":"publish","type":"post","link":"https:\/\/infovera.com.ar\/web\/2025\/07\/21\/concejales-se-reunieron-con-el-jefe-regional-de-la-epe-para-avanzar-en-la-regularizacion-del-servicio-electrico-en-la-ciudad\/","title":{"rendered":"Concejales se reunieron con el Jefe Regional de la EPE para avanzar en la regularizaci\u00f3n del servicio el\u00e9ctrico en la ciudad"},"content":{"rendered":"<p>Motivados por el reclamo de un grupo de vecinos en el Concejo Municipal, los ediles Ana Paula Capello, Mario Souilh\u00e9 y Luis Fabris mantuvieron una reuni\u00f3n de trabajo con Diego Alonso, jefe regional de la Empresa Provincial de la Energ\u00eda (EPE) en Reconquista, con el objetivo de abordar la situaci\u00f3n del servicio el\u00e9ctrico en distintos sectores de la ciudad.<\/p>\n<p>Durante el encuentro, los ediles se interiorizaron sobre el estado de varios expedientes actualmente en tr\u00e1mite y analizaron junto al funcionario provincial la factibilidad t\u00e9cnica y administrativa para extender el suministro el\u00e9ctrico seguro a las zonas que m\u00e1s lo requieren.<\/p>\n<p>\u201cNos preocupa y nos ocupa garantizar condiciones dignas para nuestros vecinos. Por eso, trabajamos en conjunto con la EPE para avanzar en soluciones concretas\u201d, se\u00f1alaron los concejales, quienes destacaron la importancia de asegurar un servicio de calidad en los barrios m\u00e1s postergados.<\/p>\n<p>La reuni\u00f3n forma parte de una agenda de trabajo sostenida que los representantes del Concejo vienen impulsando para abordar problemas estructurales que afectan el bienestar de la comunidad. \u201cAsumimos con responsabilidad la gesti\u00f3n de estos temas esenciales. Desde nuestra banca, seguimos comprometidos con promover mejoras reales en los servicios p\u00fablicos\u201d, concluyeron.<\/p>\n","protected":false},"excerpt":{"rendered":"<p>Motivados por el reclamo de un grupo de vecinos en el Concejo Municipal, los ediles Ana Paula Capello, Mario Souilh\u00e9 y Luis Fabris mantuvieron una reuni\u00f3n de trabajo con Diego Alonso, jefe regional de la Empresa Provincial de la Energ\u00eda (EPE) en Reconquista, con el objetivo de abordar la situaci\u00f3n del servicio el\u00e9ctrico en distintos [&hellip;]<\/p>\n","protected":false},"author":3,"featured_media":64718,"comment_status":"closed","ping_status":"closed","sticky":false,"template":"","format":"standard","meta":{"_joinchat":[],"footnotes":""},"categories":[53],"tags":[],"class_list":{"0":"post-64717","1":"post","2":"type-post","3":"status-publish","4":"format-standard","5":"has-post-thumbnail","7":"category-vera"},"_links":{"self":[{"href":"https:\/\/infovera.com.ar\/web\/wp-json\/wp\/v2\/posts\/64717","targetHints":{"allow":["GET"]}}],"collection":[{"href":"https:\/\/infovera.com.ar\/web\/wp-json\/wp\/v2\/posts"}],"about":[{"href":"https:\/\/infovera.com.ar\/web\/wp-json\/wp\/v2\/types\/post"}],"author":[{"embeddable":true,"href":"https:\/\/infovera.com.ar\/web\/wp-json\/wp\/v2\/users\/3"}],"replies":[{"embeddable":true,"href":"https:\/\/infovera.com.ar\/web\/wp-json\/wp\/v2\/comments?post=64717"}],"version-history":[{"count":0,"href":"https:\/\/infovera.com.ar\/web\/wp-json\/wp\/v2\/posts\/64717\/revisions"}],"wp:featuredmedia":[{"embeddable":true,"href":"https:\/\/infovera.com.ar\/web\/wp-json\/wp\/v2\/media\/64718"}],"wp:attachment":[{"href":"https:\/\/infovera.com.ar\/web\/wp-json\/wp\/v2\/media?parent=64717"}],"wp:term":[{"taxonomy":"category","embeddable":true,"href":"https:\/\/infovera.com.ar\/web\/wp-json\/wp\/v2\/categories?post=64717"},{"taxonomy":"post_tag","embeddable":true,"href":"https:\/\/infovera.com.ar\/web\/wp-json\/wp\/v2\/tags?post=64717"}],"curies":[{"name":"wp","href":"https:\/\/api.w.org\/{rel}","templated":true}]}}