{"id":64709,"date":"2025-07-21T10:29:41","date_gmt":"2025-07-21T13:29:41","guid":{"rendered":"https:\/\/infovera.com.ar\/web\/?p=64709"},"modified":"2025-07-21T10:29:41","modified_gmt":"2025-07-21T13:29:41","slug":"corach-critico-la-gestion-de-unidos-todo-vuelve-muchachos","status":"publish","type":"post","link":"https:\/\/infovera.com.ar\/web\/2025\/07\/21\/corach-critico-la-gestion-de-unidos-todo-vuelve-muchachos\/","title":{"rendered":"Corach critic\u00f3 la gesti\u00f3n de Unidos: &#8220;Todo vuelve, muchachos\u201d"},"content":{"rendered":"<p>\u201cEl diputado de Santa Fe por el peronismo y exministro de Gesti\u00f3n P\u00fablica de Omar Perotti, Marcos Corach, critic\u00f3 a la gesti\u00f3n de Maximiliano Pullaro por la colocaci\u00f3n de carteles para advertir el mal estado de las rutas nacionales y la falta de mantenimiento por parte del gobierno de Javier Milei.<\/p>\n<p>En la red social X, Corach record\u00f3 que los dirigentes que hoy forman parte de la administraci\u00f3n provincial utilizaban la misma modalidad para criticar a Perotti cuando gobernaba Santa Fe y era la Naci\u00f3n la que no reparaba las rutas, tal como sucede ahora. \u201cMir\u00e1 vos. Los que hoy ponen carteles para desligarse de la responsabilidad sobre las rutas nacionales (que, tranquilos, estamos de acuerdo: son responsabilidad del gobierno nacional), cuando eran oposici\u00f3n los pon\u00edan para responsabilizar al gobernador\u201d, acus\u00f3 Corach.<\/p>\n<p>Y cerr\u00f3 el mensaje con un \u201cTodo vuelve, muchachos\u201d.<\/p>\n","protected":false},"excerpt":{"rendered":"<p>\u201cEl diputado de Santa Fe por el peronismo y exministro de Gesti\u00f3n P\u00fablica de Omar Perotti, Marcos Corach, critic\u00f3 a la gesti\u00f3n de Maximiliano Pullaro por la colocaci\u00f3n de carteles para advertir el mal estado de las rutas nacionales y la falta de mantenimiento por parte del gobierno de Javier Milei. En la red social [&hellip;]<\/p>\n","protected":false},"author":3,"featured_media":64710,"comment_status":"closed","ping_status":"closed","sticky":false,"template":"","format":"standard","meta":{"_joinchat":[],"footnotes":""},"categories":[66,60],"tags":[],"class_list":{"0":"post-64709","1":"post","2":"type-post","3":"status-publish","4":"format-standard","5":"has-post-thumbnail","7":"category-politica","8":"category-provinciales"},"_links":{"self":[{"href":"https:\/\/infovera.com.ar\/web\/wp-json\/wp\/v2\/posts\/64709","targetHints":{"allow":["GET"]}}],"collection":[{"href":"https:\/\/infovera.com.ar\/web\/wp-json\/wp\/v2\/posts"}],"about":[{"href":"https:\/\/infovera.com.ar\/web\/wp-json\/wp\/v2\/types\/post"}],"author":[{"embeddable":true,"href":"https:\/\/infovera.com.ar\/web\/wp-json\/wp\/v2\/users\/3"}],"replies":[{"embeddable":true,"href":"https:\/\/infovera.com.ar\/web\/wp-json\/wp\/v2\/comments?post=64709"}],"version-history":[{"count":0,"href":"https:\/\/infovera.com.ar\/web\/wp-json\/wp\/v2\/posts\/64709\/revisions"}],"wp:featuredmedia":[{"embeddable":true,"href":"https:\/\/infovera.com.ar\/web\/wp-json\/wp\/v2\/media\/64710"}],"wp:attachment":[{"href":"https:\/\/infovera.com.ar\/web\/wp-json\/wp\/v2\/media?parent=64709"}],"wp:term":[{"taxonomy":"category","embeddable":true,"href":"https:\/\/infovera.com.ar\/web\/wp-json\/wp\/v2\/categories?post=64709"},{"taxonomy":"post_tag","embeddable":true,"href":"https:\/\/infovera.com.ar\/web\/wp-json\/wp\/v2\/tags?post=64709"}],"curies":[{"name":"wp","href":"https:\/\/api.w.org\/{rel}","templated":true}]}}