{"id":64706,"date":"2025-07-21T10:27:06","date_gmt":"2025-07-21T13:27:06","guid":{"rendered":"https:\/\/infovera.com.ar\/web\/?p=64706"},"modified":"2025-07-21T10:27:06","modified_gmt":"2025-07-21T13:27:06","slug":"el-boleto-educativo-retomo-su-funcionamiento-luego-del-receso-invernal","status":"publish","type":"post","link":"https:\/\/infovera.com.ar\/web\/2025\/07\/21\/el-boleto-educativo-retomo-su-funcionamiento-luego-del-receso-invernal\/","title":{"rendered":"El Boleto Educativo retom\u00f3 su funcionamiento luego del receso invernal"},"content":{"rendered":"<p><strong>El Gobierno de la Provincia reactiva el servicio que beneficia a m\u00e1s de 295 mil santafesinos, reafirmando as\u00ed su compromiso con la educaci\u00f3n p\u00fablica mediante una pol\u00edtica que fortalece la permanencia escolar y garantiza el acceso equitativo al transporte.<\/strong><\/p>\n<p>A partir de este lunes 21 de julio, el Boleto Educativo est\u00e1 nuevamente activo para estudiantes, docentes y asistentes escolares de toda la provincia de Santa Fe. En concordancia con el calendario escolar vigente, el funcionamiento del programa se hab\u00eda readecuado durante el receso invernal, y ahora se restablece con normalidad en todo el territorio provincial.<\/p>\n<p>\u201cLa gesti\u00f3n encabezada por Maximiliano Pullaro realiza un esfuerzo muy grande, convencida de que la educaci\u00f3n es un valor fundamental para el desarrollo de la provincia\u201d, sostuvo el ministro de Desarrollo Productivo, Gustavo Puccini, a cargo del programa. Adem\u00e1s, remarc\u00f3 que durante el primer semestre se fortalecieron los sistemas de control en el proceso de solicitud, con el objetivo de asegurar una implementaci\u00f3n transparente y eficaz.<\/p>\n<p>Actualmente, la iniciativa cuenta con casi 300.000 inscriptos, consolid\u00e1ndose como una herramienta clave para la permanencia y el egreso escolar en los distintos niveles educativos. La cifra se compone de 252.060 estudiantes, 35.210 docentes y 7.781 asistentes escolares, lo que evidencia su impacto territorial y social.<br \/>\nPor su parte, la secretaria de Transporte y Log\u00edstica, M\u00f3nica Alvarado, asegur\u00f3 que \u201cse trabaja responsablemente cada d\u00eda para que los santafesinos puedan acceder a este beneficio y llegue a quienes les corresponde\u201d. Asimismo, invit\u00f3 a la comunidad educativa a realizar el tr\u00e1mite de inscripci\u00f3n, que est\u00e1 disponible en forma digital y permanente en <a href=\"http:\/\/www.santafe.gov.ar\/boletoeducativo\">www.santafe.gov.ar\/boletoeducativo<\/a><\/p>\n<p>El Boleto Educativo forma parte de una pol\u00edtica p\u00fablica orientada a garantizar el derecho a la educaci\u00f3n, reducir los costos de traslado y acompa\u00f1ar a las familias en su esfuerzo cotidiano. Con esta iniciativa, el Gobierno provincial reafirma su compromiso con una educaci\u00f3n inclusiva, accesible y de calidad.<\/p>\n","protected":false},"excerpt":{"rendered":"<p>El Gobierno de la Provincia reactiva el servicio que beneficia a m\u00e1s de 295 mil santafesinos, reafirmando as\u00ed su compromiso con la educaci\u00f3n p\u00fablica mediante una pol\u00edtica que fortalece la permanencia escolar y garantiza el acceso equitativo al transporte. A partir de este lunes 21 de julio, el Boleto Educativo est\u00e1 nuevamente activo para estudiantes, [&hellip;]<\/p>\n","protected":false},"author":3,"featured_media":64707,"comment_status":"closed","ping_status":"closed","sticky":false,"template":"","format":"standard","meta":{"_joinchat":[],"footnotes":""},"categories":[39,60],"tags":[],"class_list":{"0":"post-64706","1":"post","2":"type-post","3":"status-publish","4":"format-standard","5":"has-post-thumbnail","7":"category-educacion","8":"category-provinciales"},"_links":{"self":[{"href":"https:\/\/infovera.com.ar\/web\/wp-json\/wp\/v2\/posts\/64706","targetHints":{"allow":["GET"]}}],"collection":[{"href":"https:\/\/infovera.com.ar\/web\/wp-json\/wp\/v2\/posts"}],"about":[{"href":"https:\/\/infovera.com.ar\/web\/wp-json\/wp\/v2\/types\/post"}],"author":[{"embeddable":true,"href":"https:\/\/infovera.com.ar\/web\/wp-json\/wp\/v2\/users\/3"}],"replies":[{"embeddable":true,"href":"https:\/\/infovera.com.ar\/web\/wp-json\/wp\/v2\/comments?post=64706"}],"version-history":[{"count":0,"href":"https:\/\/infovera.com.ar\/web\/wp-json\/wp\/v2\/posts\/64706\/revisions"}],"wp:featuredmedia":[{"embeddable":true,"href":"https:\/\/infovera.com.ar\/web\/wp-json\/wp\/v2\/media\/64707"}],"wp:attachment":[{"href":"https:\/\/infovera.com.ar\/web\/wp-json\/wp\/v2\/media?parent=64706"}],"wp:term":[{"taxonomy":"category","embeddable":true,"href":"https:\/\/infovera.com.ar\/web\/wp-json\/wp\/v2\/categories?post=64706"},{"taxonomy":"post_tag","embeddable":true,"href":"https:\/\/infovera.com.ar\/web\/wp-json\/wp\/v2\/tags?post=64706"}],"curies":[{"name":"wp","href":"https:\/\/api.w.org\/{rel}","templated":true}]}}