{"id":64701,"date":"2025-07-21T10:23:32","date_gmt":"2025-07-21T13:23:32","guid":{"rendered":"https:\/\/infovera.com.ar\/web\/?p=64701"},"modified":"2025-07-21T10:23:32","modified_gmt":"2025-07-21T13:23:32","slug":"adicciones-y-una-denuncia-desoida-detras-del-sangriento-femicidio-de-analia-ovando","status":"publish","type":"post","link":"https:\/\/infovera.com.ar\/web\/2025\/07\/21\/adicciones-y-una-denuncia-desoida-detras-del-sangriento-femicidio-de-analia-ovando\/","title":{"rendered":"Adicciones y una denuncia deso\u00edda detr\u00e1s del sangriento femicidio de Anal\u00eda Ovando"},"content":{"rendered":"<p><strong>La joven fue ultimada por su exnovio a cuchilladas en Villa Guillermina. Pesaba sobre sobre Ulises G\u00f3mez una orden de detenci\u00f3n por violar la perimetral. La v\u00edctima viv\u00eda con miedo porque intu\u00eda que la iba a matar.<\/strong><\/p>\n<p>A las 14 del jueves, gracias a aportes clave de vecinos, Ulises Fabi\u00e1n G\u00f3mez (25) fue detenido en la localidad de San Antonio de Obligado cuando hu\u00eda a bordo de una moto Corven Triax 150 cc. Horas antes, en la madrugada, hab\u00eda dado una cruenta muerte a quien fuera su pareja, Anal\u00eda Ovando (25), en Villa Guillermina, el pueblo con pasado forestal distante unos 30 kil\u00f3metros.<\/p>\n<p>Apenas fue apresado, qued\u00f3 alojado en un celda de la comisar\u00eda de Las Toscas, acusado de haber ultimado a cuchilladas en la garganta a su exnovia, que muri\u00f3 a causa de las heridas propinadas por un cuchillo tipo serrucho por G\u00f3mez en el interior de Morocco, un local de juego de pool que atend\u00eda la joven.<\/p>\n<p>El femicidio ocurri\u00f3 alrededor de las 4 y en la escena del crimen qued\u00f3 un charco de sangre, testigo escarlata del sangriento crimen que la propia v\u00edctima hab\u00eda alertado que podr\u00eda ocurrir. Seg\u00fan pudo saberse de fuente seguras, el asesino esper\u00f3 a que saliera del bar para seguirla, y tras interceptarla la oblig\u00f3 a regresar al local donde la atac\u00f3 mortalmente.<\/p>\n<p>El padre de Anal\u00eda reconstruy\u00f3 en declaraciones a medios de prensa que su hija viv\u00eda con miedo, temerosa porque \u201cdec\u00eda que la iba a matar\u201d. Mart\u00edn Ovando dijo que ech\u00f3 en repetidas oportunidades al femicida de su casa y que a ra\u00edz de esos incidentes buscaron asistencia judicial; era claro que la situaci\u00f3n pod\u00eda derivar en algo peor, que fue lo que pas\u00f3. \u201cEs un drogadicto\u201d, lo encuadr\u00f3, en coincidencia con los relatos de otros habitantes de la localidad que dieron cuenta de la vida cercana a las adicciones y la violencia que llevaba G\u00f3mez.<\/p>\n<p>El sujeto ya hab\u00eda sido denunciado por violencia de g\u00e9nero y la justicia le impuso una orden de restricci\u00f3n de acercamiento a la que ser\u00eda su v\u00edctima fatal. Pero nunca observ\u00f3 ese mandato judicial y, en consecuencia, se le dict\u00f3 una orden de detenci\u00f3n, que la polic\u00eda local nunca lleg\u00f3 a concretar.<\/p>\n<p>En lo que a todas luces aparece como homicidio en contexto de violencia de g\u00e9nero claramente evitable, el fiscal del caso Carlos\u00a0Koguc &#8211; que imputar\u00eda al sindicado el pr\u00f3ximo martes- dispuso en las \u00faltimas horas un pedido de investigaci\u00f3n sobre el incumplimiento de la orden detenci\u00f3n de G\u00f3mez.<\/p>\n<p><strong>Relevo<\/strong><\/p>\n<p>En el mediod\u00eda del domingo y luego de la segunda marcha en reclamo de justicia por el femicidio de Anal\u00eda Ovando, la Unidad Regional IX de Polic\u00eda inform\u00f3 el desplazamiento del cuestionado titular de la comisar\u00eda de Villa Guillermina: &#8220;Por disposici\u00f3n de la Resoluci\u00f3n 384\/05 se design\u00f3 y puso en cargo de jefe de Comisar\u00eda 8va. al subcomisario Mart\u00edn Ramos, procedente de la Subcomisaria 9na. de Ingeniero Chanourdi\u00e9, en reemplazo del inspector Patricio Alegre, quien paso a cumplir funciones en la Inspector\u00eda Zona VI\u201d, consign\u00f3 la departamental de General Obligado.<\/p>\n<p>En la noche del s\u00e1bado, la plaza central del pueblo fue epicentro de una nueva manifestaci\u00f3n de la comunidad guillerminense. Familiares y amigos de Anal\u00eda Ovando protagonizaron &#8220;una marcha pac\u00edfica para exigir justicia por Anal\u00eda y por todas las v\u00edctimas de violencia\u201d.<\/p>\n<p>&#8220;Estamos atravesando momentos de profundo dolor, bronca e impotencia<br \/>\nante tanta injusticia. Por eso, pedimos que la marcha se lleve a cabo sin<br \/>\nviolencia, con respeto y unidad&#8221;, pidieron.<\/p>\n<p>En ambas manifestaciones, la del viernes y la de la noche sabatina, los vecinos cargaron sus cr\u00edticas contra el accionar policial: \u201cYa la hab\u00eda amenazado en la plaza a ella y a las amigas\u201d, enrostraron a un funcionario policial que los atendi\u00f3 en la primera ocasi\u00f3n, en la puerta de la dependencia local de seguridad.<\/p>\n","protected":false},"excerpt":{"rendered":"<p>La joven fue ultimada por su exnovio a cuchilladas en Villa Guillermina. Pesaba sobre sobre Ulises G\u00f3mez una orden de detenci\u00f3n por violar la perimetral. La v\u00edctima viv\u00eda con miedo porque intu\u00eda que la iba a matar. A las 14 del jueves, gracias a aportes clave de vecinos, Ulises Fabi\u00e1n G\u00f3mez (25) fue detenido en [&hellip;]<\/p>\n","protected":false},"author":3,"featured_media":64704,"comment_status":"closed","ping_status":"closed","sticky":false,"template":"","format":"standard","meta":{"_joinchat":[],"footnotes":""},"categories":[30,61],"tags":[],"class_list":{"0":"post-64701","1":"post","2":"type-post","3":"status-publish","4":"format-standard","5":"has-post-thumbnail","7":"category-policiales","8":"category-regionales"},"_links":{"self":[{"href":"https:\/\/infovera.com.ar\/web\/wp-json\/wp\/v2\/posts\/64701","targetHints":{"allow":["GET"]}}],"collection":[{"href":"https:\/\/infovera.com.ar\/web\/wp-json\/wp\/v2\/posts"}],"about":[{"href":"https:\/\/infovera.com.ar\/web\/wp-json\/wp\/v2\/types\/post"}],"author":[{"embeddable":true,"href":"https:\/\/infovera.com.ar\/web\/wp-json\/wp\/v2\/users\/3"}],"replies":[{"embeddable":true,"href":"https:\/\/infovera.com.ar\/web\/wp-json\/wp\/v2\/comments?post=64701"}],"version-history":[{"count":0,"href":"https:\/\/infovera.com.ar\/web\/wp-json\/wp\/v2\/posts\/64701\/revisions"}],"wp:featuredmedia":[{"embeddable":true,"href":"https:\/\/infovera.com.ar\/web\/wp-json\/wp\/v2\/media\/64704"}],"wp:attachment":[{"href":"https:\/\/infovera.com.ar\/web\/wp-json\/wp\/v2\/media?parent=64701"}],"wp:term":[{"taxonomy":"category","embeddable":true,"href":"https:\/\/infovera.com.ar\/web\/wp-json\/wp\/v2\/categories?post=64701"},{"taxonomy":"post_tag","embeddable":true,"href":"https:\/\/infovera.com.ar\/web\/wp-json\/wp\/v2\/tags?post=64701"}],"curies":[{"name":"wp","href":"https:\/\/api.w.org\/{rel}","templated":true}]}}