{"id":64693,"date":"2025-07-21T10:10:06","date_gmt":"2025-07-21T13:10:06","guid":{"rendered":"https:\/\/infovera.com.ar\/web\/?p=64693"},"modified":"2025-07-21T10:10:06","modified_gmt":"2025-07-21T13:10:06","slug":"vera-recuperan-celular-robado-tras-una-gresca-entre-jovenes","status":"publish","type":"post","link":"https:\/\/infovera.com.ar\/web\/2025\/07\/21\/vera-recuperan-celular-robado-tras-una-gresca-entre-jovenes\/","title":{"rendered":"Vera: recuperan celular robado tras una gresca entre j\u00f3venes"},"content":{"rendered":"<p><strong>En la madrugada de este domingo 21 de julio, personal del Comando Radioel\u00e9ctrico de Vera intervino en una gresca entre varios j\u00f3venes en la intersecci\u00f3n de calles Mitre y Mariano Leiva.<\/strong><\/p>\n<p>El hecho ocurri\u00f3 alrededor de las 2:30, y fueron identificados como participantes j\u00f3venes de 19, 17, 15 y 14 a\u00f1os de edad.<\/p>\n<p>Durante la intervenci\u00f3n, la polic\u00eda estableci\u00f3 que el joven de 19 a\u00f1os no ser\u00eda ajeno a la sustracci\u00f3n de un tel\u00e9fono celular marca Motorola G8, propiedad de la menor de 14 a\u00f1os. El dispositivo fue hallado en poder del presunto autor y se procedi\u00f3 a su secuestro preventivo.<\/p>\n<p>En la causa interviene la Unidad Fiscal de Investigaci\u00f3n N.\u00ba 4 con asiento en Vera.<\/p>\n","protected":false},"excerpt":{"rendered":"<p>En la madrugada de este domingo 21 de julio, personal del Comando Radioel\u00e9ctrico de Vera intervino en una gresca entre varios j\u00f3venes en la intersecci\u00f3n de calles Mitre y Mariano Leiva. El hecho ocurri\u00f3 alrededor de las 2:30, y fueron identificados como participantes j\u00f3venes de 19, 17, 15 y 14 a\u00f1os de edad. Durante la [&hellip;]<\/p>\n","protected":false},"author":3,"featured_media":64694,"comment_status":"closed","ping_status":"closed","sticky":false,"template":"","format":"standard","meta":{"_joinchat":[],"footnotes":""},"categories":[30,53],"tags":[],"class_list":{"0":"post-64693","1":"post","2":"type-post","3":"status-publish","4":"format-standard","5":"has-post-thumbnail","7":"category-policiales","8":"category-vera"},"_links":{"self":[{"href":"https:\/\/infovera.com.ar\/web\/wp-json\/wp\/v2\/posts\/64693","targetHints":{"allow":["GET"]}}],"collection":[{"href":"https:\/\/infovera.com.ar\/web\/wp-json\/wp\/v2\/posts"}],"about":[{"href":"https:\/\/infovera.com.ar\/web\/wp-json\/wp\/v2\/types\/post"}],"author":[{"embeddable":true,"href":"https:\/\/infovera.com.ar\/web\/wp-json\/wp\/v2\/users\/3"}],"replies":[{"embeddable":true,"href":"https:\/\/infovera.com.ar\/web\/wp-json\/wp\/v2\/comments?post=64693"}],"version-history":[{"count":0,"href":"https:\/\/infovera.com.ar\/web\/wp-json\/wp\/v2\/posts\/64693\/revisions"}],"wp:featuredmedia":[{"embeddable":true,"href":"https:\/\/infovera.com.ar\/web\/wp-json\/wp\/v2\/media\/64694"}],"wp:attachment":[{"href":"https:\/\/infovera.com.ar\/web\/wp-json\/wp\/v2\/media?parent=64693"}],"wp:term":[{"taxonomy":"category","embeddable":true,"href":"https:\/\/infovera.com.ar\/web\/wp-json\/wp\/v2\/categories?post=64693"},{"taxonomy":"post_tag","embeddable":true,"href":"https:\/\/infovera.com.ar\/web\/wp-json\/wp\/v2\/tags?post=64693"}],"curies":[{"name":"wp","href":"https:\/\/api.w.org\/{rel}","templated":true}]}}