{"id":64690,"date":"2025-07-21T10:05:27","date_gmt":"2025-07-21T13:05:27","guid":{"rendered":"https:\/\/infovera.com.ar\/web\/?p=64690"},"modified":"2025-07-21T10:10:47","modified_gmt":"2025-07-21T13:10:47","slug":"dos-jovenes-heridos-tras-un-accidente-en-ruta-3-cerca-de-garabato","status":"publish","type":"post","link":"https:\/\/infovera.com.ar\/web\/2025\/07\/21\/dos-jovenes-heridos-tras-un-accidente-en-ruta-3-cerca-de-garabato\/","title":{"rendered":"Dos j\u00f3venes heridos tras un accidente en Ruta 3, cerca de Garabato"},"content":{"rendered":"<p>Este s\u00e1bado 20 de julio, alrededor de las 4:35 de la madrugada, personal policial de la Subcomisar\u00eda 4\u00aa de Garabato intervino en un accidente de tr\u00e1nsito ocurrido sobre la Ruta Provincial N.\u00ba 3, a pocos metros del paraje conocido como Kil\u00f3metro 302.<\/p>\n<p>Por causas que a\u00fan se investigan, una motocicleta Yamaha 150 cc, de color roja con negro, que era conducida por un joven de 24 a\u00f1os oriundo de Garabato y acompa\u00f1ado por una mujer de 20 a\u00f1os, perdi\u00f3 el control y ambos ocupantes cayeron sobre la cinta asf\u00e1ltica.<\/p>\n<p>Ambos fueron trasladados de urgencia al hospital de la localidad de Intiyaco para recibir atenci\u00f3n m\u00e9dica.<\/p>\n<p>En el hecho intervino la Fiscal\u00eda Regional XIX con asiento en Vera.<\/p>\n","protected":false},"excerpt":{"rendered":"<p>Este s\u00e1bado 20 de julio, alrededor de las 4:35 de la madrugada, personal policial de la Subcomisar\u00eda 4\u00aa de Garabato intervino en un accidente de tr\u00e1nsito ocurrido sobre la Ruta Provincial N.\u00ba 3, a pocos metros del paraje conocido como Kil\u00f3metro 302. Por causas que a\u00fan se investigan, una motocicleta Yamaha 150 cc, de color [&hellip;]<\/p>\n","protected":false},"author":3,"featured_media":22439,"comment_status":"closed","ping_status":"closed","sticky":false,"template":"","format":"standard","meta":{"_joinchat":[],"footnotes":""},"categories":[51,30],"tags":[],"class_list":{"0":"post-64690","1":"post","2":"type-post","3":"status-publish","4":"format-standard","5":"has-post-thumbnail","7":"category-locales","8":"category-policiales"},"_links":{"self":[{"href":"https:\/\/infovera.com.ar\/web\/wp-json\/wp\/v2\/posts\/64690","targetHints":{"allow":["GET"]}}],"collection":[{"href":"https:\/\/infovera.com.ar\/web\/wp-json\/wp\/v2\/posts"}],"about":[{"href":"https:\/\/infovera.com.ar\/web\/wp-json\/wp\/v2\/types\/post"}],"author":[{"embeddable":true,"href":"https:\/\/infovera.com.ar\/web\/wp-json\/wp\/v2\/users\/3"}],"replies":[{"embeddable":true,"href":"https:\/\/infovera.com.ar\/web\/wp-json\/wp\/v2\/comments?post=64690"}],"version-history":[{"count":0,"href":"https:\/\/infovera.com.ar\/web\/wp-json\/wp\/v2\/posts\/64690\/revisions"}],"wp:featuredmedia":[{"embeddable":true,"href":"https:\/\/infovera.com.ar\/web\/wp-json\/wp\/v2\/media\/22439"}],"wp:attachment":[{"href":"https:\/\/infovera.com.ar\/web\/wp-json\/wp\/v2\/media?parent=64690"}],"wp:term":[{"taxonomy":"category","embeddable":true,"href":"https:\/\/infovera.com.ar\/web\/wp-json\/wp\/v2\/categories?post=64690"},{"taxonomy":"post_tag","embeddable":true,"href":"https:\/\/infovera.com.ar\/web\/wp-json\/wp\/v2\/tags?post=64690"}],"curies":[{"name":"wp","href":"https:\/\/api.w.org\/{rel}","templated":true}]}}