{"id":64688,"date":"2025-07-21T09:59:50","date_gmt":"2025-07-21T12:59:50","guid":{"rendered":"https:\/\/infovera.com.ar\/web\/?p=64688"},"modified":"2025-07-22T13:23:15","modified_gmt":"2025-07-22T16:23:15","slug":"festram-cuestiona-los-plazos-para-presentar-proyectos-en-la-reforma-constitucional-y-advierte-a-intendentes","status":"publish","type":"post","link":"https:\/\/infovera.com.ar\/web\/2025\/07\/21\/festram-cuestiona-los-plazos-para-presentar-proyectos-en-la-reforma-constitucional-y-advierte-a-intendentes\/","title":{"rendered":"FESTRAM cuestiona los plazos para presentar proyectos en la Reforma Constitucional y advierte a intendentes"},"content":{"rendered":"<p><strong>La Federaci\u00f3n de Sindicatos de Trabajadores Municipales de la Provincia de Santa Fe (FESTRAM) lanz\u00f3 un duro cuestionamiento contra el breve plazo establecido por la Convenci\u00f3n Reformadora para la presentaci\u00f3n de proyectos de modificaci\u00f3n de la Constituci\u00f3n provincial.<\/strong><\/p>\n<p>La fecha l\u00edmite para la entrega de propuestas es el pr\u00f3ximo 27 de julio, lo que \u2014seg\u00fan el gremio\u2014 \u201catenta contra la posibilidad real de que organizaciones sociales e instituciones puedan elaborar iniciativas consistentes\u201d, considerando la diversidad de art\u00edculos y tem\u00e1ticas involucradas.<\/p>\n<p>Desde FESTRAM sostienen que esta decisi\u00f3n limita la participaci\u00f3n democr\u00e1tica y la construcci\u00f3n de consensos sociales necesarios en un proceso de semejante envergadura. \u201cEsta medida est\u00e1 en l\u00ednea con una pol\u00edtica del gobierno de Maximiliano Pullaro, que nunca implement\u00f3 una estrategia de comunicaci\u00f3n que permita al pueblo santafesino conocer los alcances e implicancias de la reforma constitucional\u201d, manifestaron.<\/p>\n<p>Uno de los puntos m\u00e1s criticados es la falta de precisi\u00f3n en la redacci\u00f3n de los art\u00edculos propuestos, se\u00f1alando que muchos de ellos son meros enunciados sin claridad sobre sus alcances. En particular, destacan la ambig\u00fcedad en torno a la autonom\u00eda municipal, donde ni siquiera se especifican los porcentajes de coparticipaci\u00f3n de recursos.<\/p>\n<p>FESTRAM tambi\u00e9n denunci\u00f3 que el espacio pol\u00edtico que lidera el gobernador Pullaro se neg\u00f3 sistem\u00e1ticamente a reunirse con la federaci\u00f3n para debatir el contenido de la reforma, lo que evidenciar\u00eda \u2014seg\u00fan la entidad\u2014 una estrategia orientada a imponer \u201chechos consumados\u201d y a evitar el disenso.<\/p>\n<p>Finalmente, la organizaci\u00f3n sindical lanz\u00f3 una advertencia a los intendentes y presidentes comunales para que se involucren activamente en la defensa de los recursos econ\u00f3micos de sus localidades, ante una posible reconfiguraci\u00f3n del esquema de distribuci\u00f3n que no los contemple debidamente.<\/p>\n","protected":false},"excerpt":{"rendered":"<p>La Federaci\u00f3n de Sindicatos de Trabajadores Municipales de la Provincia de Santa Fe (FESTRAM) lanz\u00f3 un duro cuestionamiento contra el breve plazo establecido por la Convenci\u00f3n Reformadora para la presentaci\u00f3n de proyectos de modificaci\u00f3n de la Constituci\u00f3n provincial. La fecha l\u00edmite para la entrega de propuestas es el pr\u00f3ximo 27 de julio, lo que \u2014seg\u00fan [&hellip;]<\/p>\n","protected":false},"author":3,"featured_media":63549,"comment_status":"closed","ping_status":"closed","sticky":false,"template":"","format":"standard","meta":{"_joinchat":[],"footnotes":""},"categories":[27,60],"tags":[],"class_list":{"0":"post-64688","1":"post","2":"type-post","3":"status-publish","4":"format-standard","5":"has-post-thumbnail","7":"category-gremiales","8":"category-provinciales"},"_links":{"self":[{"href":"https:\/\/infovera.com.ar\/web\/wp-json\/wp\/v2\/posts\/64688","targetHints":{"allow":["GET"]}}],"collection":[{"href":"https:\/\/infovera.com.ar\/web\/wp-json\/wp\/v2\/posts"}],"about":[{"href":"https:\/\/infovera.com.ar\/web\/wp-json\/wp\/v2\/types\/post"}],"author":[{"embeddable":true,"href":"https:\/\/infovera.com.ar\/web\/wp-json\/wp\/v2\/users\/3"}],"replies":[{"embeddable":true,"href":"https:\/\/infovera.com.ar\/web\/wp-json\/wp\/v2\/comments?post=64688"}],"version-history":[{"count":0,"href":"https:\/\/infovera.com.ar\/web\/wp-json\/wp\/v2\/posts\/64688\/revisions"}],"wp:featuredmedia":[{"embeddable":true,"href":"https:\/\/infovera.com.ar\/web\/wp-json\/wp\/v2\/media\/63549"}],"wp:attachment":[{"href":"https:\/\/infovera.com.ar\/web\/wp-json\/wp\/v2\/media?parent=64688"}],"wp:term":[{"taxonomy":"category","embeddable":true,"href":"https:\/\/infovera.com.ar\/web\/wp-json\/wp\/v2\/categories?post=64688"},{"taxonomy":"post_tag","embeddable":true,"href":"https:\/\/infovera.com.ar\/web\/wp-json\/wp\/v2\/tags?post=64688"}],"curies":[{"name":"wp","href":"https:\/\/api.w.org\/{rel}","templated":true}]}}