{"id":64675,"date":"2025-07-20T13:09:32","date_gmt":"2025-07-20T16:09:32","guid":{"rendered":"https:\/\/infovera.com.ar\/web\/?p=64675"},"modified":"2025-07-21T11:14:05","modified_gmt":"2025-07-21T14:14:05","slug":"vera-vivio-un-basketball-camp-chiqui-rojas-valoro-al-deporte-como-motor-de-futuro","status":"publish","type":"post","link":"https:\/\/infovera.com.ar\/web\/2025\/07\/20\/vera-vivio-un-basketball-camp-chiqui-rojas-valoro-al-deporte-como-motor-de-futuro\/","title":{"rendered":"Vera vivi\u00f3 un Basketball Camp: &#8220;Chiqui&#8221; Rojas valor\u00f3 al deporte como motor de futuro"},"content":{"rendered":"<p>El Basketball Camp desarrollado en Vera durante estas vacaciones &#8220;fue mucho m\u00e1s que b\u00e1squet. Fue compromiso, valores y trabajo en equipo. Un espacio pensado para las infancias y juventudes, pero que logr\u00f3 movilizar a toda la comunidad&#8221;, puso de relieve el diputado Sergio Rojas.<\/p>\n<p>El legislador remarc\u00f3 que &#8220;gracias al impulso de Juanchi Bergel y el acompa\u00f1amiento del C\u00edrculo Recreativo, Vera fue sede de una propuesta formativa y motivadora que dej\u00f3 huella. Chicos y chicas entrenaron con referentes de la Selecci\u00f3n Argentina, compartiendo aprendizajes, esfuerzo y emoci\u00f3n en cada jugada&#8221;.<\/p>\n<p>&#8220;Este campamento nace desde el coraz\u00f3n de nuestra ciudad&#8221;, ponder\u00f3, y dijo que por eso impuls\u00f3 la declaraci\u00f3n de inter\u00e9s legislativo, &#8220;convencido de que el deporte no solo forma atletas, sino tambi\u00e9n personas comprometidas, solidarias y con valores&#8221;.<\/p>\n<p>\u201cCreemos en el poder del deporte para construir comunidad, valores y futuro. Y cuando la voluntad se organiza, suceden cosas extraordinarias como esta. Felicitaciones a quienes lo hicieron posible. Que Vera siga apostando por Vera&#8221;, cerr\u00f3.<\/p>\n","protected":false},"excerpt":{"rendered":"<p>El Basketball Camp desarrollado en Vera durante estas vacaciones &#8220;fue mucho m\u00e1s que b\u00e1squet. Fue compromiso, valores y trabajo en equipo. Un espacio pensado para las infancias y juventudes, pero que logr\u00f3 movilizar a toda la comunidad&#8221;, puso de relieve el diputado Sergio Rojas. El legislador remarc\u00f3 que &#8220;gracias al impulso de Juanchi Bergel y [&hellip;]<\/p>\n","protected":false},"author":3,"featured_media":64677,"comment_status":"closed","ping_status":"closed","sticky":false,"template":"","format":"standard","meta":{"_joinchat":[],"footnotes":""},"categories":[31,53],"tags":[],"class_list":{"0":"post-64675","1":"post","2":"type-post","3":"status-publish","4":"format-standard","5":"has-post-thumbnail","7":"category-deportes","8":"category-vera"},"_links":{"self":[{"href":"https:\/\/infovera.com.ar\/web\/wp-json\/wp\/v2\/posts\/64675","targetHints":{"allow":["GET"]}}],"collection":[{"href":"https:\/\/infovera.com.ar\/web\/wp-json\/wp\/v2\/posts"}],"about":[{"href":"https:\/\/infovera.com.ar\/web\/wp-json\/wp\/v2\/types\/post"}],"author":[{"embeddable":true,"href":"https:\/\/infovera.com.ar\/web\/wp-json\/wp\/v2\/users\/3"}],"replies":[{"embeddable":true,"href":"https:\/\/infovera.com.ar\/web\/wp-json\/wp\/v2\/comments?post=64675"}],"version-history":[{"count":0,"href":"https:\/\/infovera.com.ar\/web\/wp-json\/wp\/v2\/posts\/64675\/revisions"}],"wp:featuredmedia":[{"embeddable":true,"href":"https:\/\/infovera.com.ar\/web\/wp-json\/wp\/v2\/media\/64677"}],"wp:attachment":[{"href":"https:\/\/infovera.com.ar\/web\/wp-json\/wp\/v2\/media?parent=64675"}],"wp:term":[{"taxonomy":"category","embeddable":true,"href":"https:\/\/infovera.com.ar\/web\/wp-json\/wp\/v2\/categories?post=64675"},{"taxonomy":"post_tag","embeddable":true,"href":"https:\/\/infovera.com.ar\/web\/wp-json\/wp\/v2\/tags?post=64675"}],"curies":[{"name":"wp","href":"https:\/\/api.w.org\/{rel}","templated":true}]}}