{"id":64662,"date":"2025-07-19T13:53:04","date_gmt":"2025-07-19T16:53:04","guid":{"rendered":"https:\/\/infovera.com.ar\/web\/?p=64662"},"modified":"2025-07-19T13:53:04","modified_gmt":"2025-07-19T16:53:04","slug":"la-autonomia-municipal-plantea-un-escenario-de-atomizacion","status":"publish","type":"post","link":"https:\/\/infovera.com.ar\/web\/2025\/07\/19\/la-autonomia-municipal-plantea-un-escenario-de-atomizacion\/","title":{"rendered":"\u201cLa autonom\u00eda municipal plantea un escenario de atomizaci\u00f3n&#8221;"},"content":{"rendered":"<p>Declaraciones de Diego de \u00c1ngelis, dirigente de Festram.<\/p>\n<p>\u201cLa autonom\u00eda municipal plantea un escenario de atomizaci\u00f3n. Si cada intendente puede fijar su propio r\u00e9gimen laboral, se rompen las condiciones m\u00ednimas de equidad entre trabajadores que hacen la misma tarea en distintas localidades. Y los gremios chicos quedan en desventaja frente al poder municipal por cercan\u00eda, por recursos y por capacidad de negociaci\u00f3n\u201d, advierte.<\/p>\n<p>En ese contexto, Festram sostiene que la paritaria debe ser una discusi\u00f3n colectiva entre dos bloques institucionales: una federaci\u00f3n de sindicatos, por un lado, y una federaci\u00f3n de municipios por el otro. \u201cLa paritaria debe ser entre iguales. No podemos ir a discutir salario pueblo por pueblo. Eso es funcional al debilitamiento del trabajo organizado\u201d.<\/p>\n<p>\u201cLa autonom\u00eda no puede consistir en delegar funciones sin garantizar fondos. Muchos municipios no tienen recursos ni para sus gastos corrientes. \u00bfC\u00f3mo van a asumir nuevas competencias sin una caja que los respalde?\u201d, se pregunta Di Angelis.<\/p>\n<p>La experiencia argentina en materia de coparticipaci\u00f3n sirve como advertencia: \u201cTenemos la historia viva de una ley de coparticipaci\u00f3n nacional que nunca se rediscute. \u00bfVamos a repetir el error a nivel provincial? Hoy, apenas el 13% de la recaudaci\u00f3n provincial se coparticipa a municipios y comunas. No hay piso garantizado, no hay criterios de equidad territorial, y nadie discute eso en la reforma\u201d. Para el dirigente, el modelo que se intenta imponer es una autonom\u00eda formal y dependiente: \u201c\u00bfQui\u00e9n va a seguir recaudando? La provincia. \u00bfQui\u00e9n define qu\u00e9 se coparticipa y cu\u00e1ndo? La provincia. Entonces es una autonom\u00eda sujeta a la discrecionalidad o, peor, a la arbitrariedad del poder central\u201d.<\/p>\n<p>En esa l\u00ednea, advierte que los consensos pol\u00edticos que hoy permiten al gobernador motorizar la reforma pueden no sostenerse en el tiempo. \u201cHoy hay intendentes que apoyan la autonom\u00eda porque est\u00e1n alineados con el oficialismo. Pero cuando cambie el signo pol\u00edtico en la provincia, \u00bfQu\u00e9 pasar\u00e1 con esos recursos? Lo que hoy parece un beneficio puede transformarse en un problema estructural\u201d.<\/p>\n<p>Fuente: ROSARIO 12<\/p>\n","protected":false},"excerpt":{"rendered":"<p>Declaraciones de Diego de \u00c1ngelis, dirigente de Festram. \u201cLa autonom\u00eda municipal plantea un escenario de atomizaci\u00f3n. Si cada intendente puede fijar su propio r\u00e9gimen laboral, se rompen las condiciones m\u00ednimas de equidad entre trabajadores que hacen la misma tarea en distintas localidades. Y los gremios chicos quedan en desventaja frente al poder municipal por cercan\u00eda, [&hellip;]<\/p>\n","protected":false},"author":3,"featured_media":64664,"comment_status":"closed","ping_status":"closed","sticky":false,"template":"","format":"standard","meta":{"_joinchat":[],"footnotes":""},"categories":[27,60],"tags":[],"class_list":{"0":"post-64662","1":"post","2":"type-post","3":"status-publish","4":"format-standard","5":"has-post-thumbnail","7":"category-gremiales","8":"category-provinciales"},"_links":{"self":[{"href":"https:\/\/infovera.com.ar\/web\/wp-json\/wp\/v2\/posts\/64662","targetHints":{"allow":["GET"]}}],"collection":[{"href":"https:\/\/infovera.com.ar\/web\/wp-json\/wp\/v2\/posts"}],"about":[{"href":"https:\/\/infovera.com.ar\/web\/wp-json\/wp\/v2\/types\/post"}],"author":[{"embeddable":true,"href":"https:\/\/infovera.com.ar\/web\/wp-json\/wp\/v2\/users\/3"}],"replies":[{"embeddable":true,"href":"https:\/\/infovera.com.ar\/web\/wp-json\/wp\/v2\/comments?post=64662"}],"version-history":[{"count":0,"href":"https:\/\/infovera.com.ar\/web\/wp-json\/wp\/v2\/posts\/64662\/revisions"}],"wp:featuredmedia":[{"embeddable":true,"href":"https:\/\/infovera.com.ar\/web\/wp-json\/wp\/v2\/media\/64664"}],"wp:attachment":[{"href":"https:\/\/infovera.com.ar\/web\/wp-json\/wp\/v2\/media?parent=64662"}],"wp:term":[{"taxonomy":"category","embeddable":true,"href":"https:\/\/infovera.com.ar\/web\/wp-json\/wp\/v2\/categories?post=64662"},{"taxonomy":"post_tag","embeddable":true,"href":"https:\/\/infovera.com.ar\/web\/wp-json\/wp\/v2\/tags?post=64662"}],"curies":[{"name":"wp","href":"https:\/\/api.w.org\/{rel}","templated":true}]}}