{"id":64074,"date":"2025-06-27T13:07:11","date_gmt":"2025-06-27T16:07:11","guid":{"rendered":"https:\/\/infovera.com.ar\/web\/?p=64074"},"modified":"2025-06-28T16:11:55","modified_gmt":"2025-06-28T19:11:55","slug":"desde-la-secretaria-electoral-recomiendan-consultar-el-padron-antes-de-ir-a-votar","status":"publish","type":"post","link":"https:\/\/infovera.com.ar\/web\/2025\/06\/27\/desde-la-secretaria-electoral-recomiendan-consultar-el-padron-antes-de-ir-a-votar\/","title":{"rendered":"Desde la Secretar\u00eda Electoral recomiendan consultar el padr\u00f3n antes de ir a votar"},"content":{"rendered":"<p><strong>El domingo se celebran las Elecciones Generales Municipales y Comunales en la provincia de Santa Fe. Al padr\u00f3n se accede a trav\u00e9s de la web de la Secretar\u00eda Electoral.<\/strong><\/p>\n<p>La Secretar\u00eda Electoral de la Provincia de Santa Fe recomienda a la ciudadan\u00eda consultar el padr\u00f3n electoral antes de concurrir a los locales de votaci\u00f3n el pr\u00f3ximo domingo 29 de junio, con el fin de confirmar los datos correspondientes y verificar que no haya cambios.Cabe recordar que este domingo se celebrar\u00e1n las Elecciones Generales Municipales y Comunales en la provincia de Santa Fe.<\/p>\n<p>La consulta se puede hacer ingresando a: <a href=\"https:\/\/www.santafe.gov.ar\/elecciones2025\/consultaPadronDefinitivo\/index.php\">https:\/\/www.santafe.gov.ar\/elecciones2025\/consultaPadronDefinitivo\/index.php<\/a><\/p>\n<p>La recomendaci\u00f3n apunta a que los electores verifiquen, antes de concurrir a las urnas, cu\u00e1l es el lugar de votaci\u00f3n que les corresponde, su n\u00famero de mesa y n\u00famero de orden dentro del padr\u00f3n.<\/p>\n<p>En este sentido, el Secretario Electoral de Santa Fe, Pablo Ayala, explic\u00f3 que es importante \u201crealizar la consulta previa\u201d fundamentalmente en ciudades como Rosario, Santa Fe, Rafaela, Esperanza y Venado Tuerto, \u201cdonde suele haber modificaciones\u201d debido a que muchas personas han realizado cambio de DNI o se han agregados locales nuevos de votaci\u00f3n.<\/p>\n","protected":false},"excerpt":{"rendered":"<p>El domingo se celebran las Elecciones Generales Municipales y Comunales en la provincia de Santa Fe. Al padr\u00f3n se accede a trav\u00e9s de la web de la Secretar\u00eda Electoral. La Secretar\u00eda Electoral de la Provincia de Santa Fe recomienda a la ciudadan\u00eda consultar el padr\u00f3n electoral antes de concurrir a los locales de votaci\u00f3n el [&hellip;]<\/p>\n","protected":false},"author":3,"featured_media":62853,"comment_status":"closed","ping_status":"closed","sticky":false,"template":"","format":"standard","meta":{"_joinchat":[],"footnotes":""},"categories":[60],"tags":[],"class_list":{"0":"post-64074","1":"post","2":"type-post","3":"status-publish","4":"format-standard","5":"has-post-thumbnail","7":"category-provinciales"},"_links":{"self":[{"href":"https:\/\/infovera.com.ar\/web\/wp-json\/wp\/v2\/posts\/64074","targetHints":{"allow":["GET"]}}],"collection":[{"href":"https:\/\/infovera.com.ar\/web\/wp-json\/wp\/v2\/posts"}],"about":[{"href":"https:\/\/infovera.com.ar\/web\/wp-json\/wp\/v2\/types\/post"}],"author":[{"embeddable":true,"href":"https:\/\/infovera.com.ar\/web\/wp-json\/wp\/v2\/users\/3"}],"replies":[{"embeddable":true,"href":"https:\/\/infovera.com.ar\/web\/wp-json\/wp\/v2\/comments?post=64074"}],"version-history":[{"count":0,"href":"https:\/\/infovera.com.ar\/web\/wp-json\/wp\/v2\/posts\/64074\/revisions"}],"wp:featuredmedia":[{"embeddable":true,"href":"https:\/\/infovera.com.ar\/web\/wp-json\/wp\/v2\/media\/62853"}],"wp:attachment":[{"href":"https:\/\/infovera.com.ar\/web\/wp-json\/wp\/v2\/media?parent=64074"}],"wp:term":[{"taxonomy":"category","embeddable":true,"href":"https:\/\/infovera.com.ar\/web\/wp-json\/wp\/v2\/categories?post=64074"},{"taxonomy":"post_tag","embeddable":true,"href":"https:\/\/infovera.com.ar\/web\/wp-json\/wp\/v2\/tags?post=64074"}],"curies":[{"name":"wp","href":"https:\/\/api.w.org\/{rel}","templated":true}]}}