{"id":63925,"date":"2025-06-21T15:08:15","date_gmt":"2025-06-21T18:08:15","guid":{"rendered":"https:\/\/infovera.com.ar\/web\/?p=63925"},"modified":"2025-06-22T14:20:35","modified_gmt":"2025-06-22T17:20:35","slug":"margarita-dos-menores-resultaron-heridos-tras-chocar-en-una-camioneta-contra-un-arbol","status":"publish","type":"post","link":"https:\/\/infovera.com.ar\/web\/2025\/06\/21\/margarita-dos-menores-resultaron-heridos-tras-chocar-en-una-camioneta-contra-un-arbol\/","title":{"rendered":"Margarita: dos menores resultaron heridos tras chocar en una camioneta contra un \u00e1rbol"},"content":{"rendered":"<p><strong>En la madrugada del viernes 21 de junio, alrededor de la 1:45 horas, personal policial de la Comisar\u00eda 4ta. de Margarita intervino en un accidente de tr\u00e1nsito ocurrido en la intersecci\u00f3n de calle Brigadier L\u00f3pez y Belgrano.<\/strong><\/p>\n<p>Por causas que a\u00fan se investigan, una camioneta Volkswagen Amarok 4&#215;4 color gris, conducida por un joven menor de edad, quien iba acompa\u00f1ado por una joven tambi\u00e9n menor, perdi\u00f3 el control e impact\u00f3 contra un \u00e1rbol y un cartel bicicletero ubicado en la vereda del lugar.<\/p>\n<p>Ambos ocupantes fueron atendidos por el m\u00e9dico de turno del hospital local y no se reportaron lesiones de gravedad. Se registraron da\u00f1os materiales en el veh\u00edculo y en la infraestructura urbana afectada.<\/p>\n<p>La polic\u00eda realiz\u00f3 las diligencias sumariales correspondientes y los menores quedaron bajo guarda de sus progenitores.<\/p>\n","protected":false},"excerpt":{"rendered":"<p>En la madrugada del viernes 21 de junio, alrededor de la 1:45 horas, personal policial de la Comisar\u00eda 4ta. de Margarita intervino en un accidente de tr\u00e1nsito ocurrido en la intersecci\u00f3n de calle Brigadier L\u00f3pez y Belgrano. Por causas que a\u00fan se investigan, una camioneta Volkswagen Amarok 4&#215;4 color gris, conducida por un joven menor [&hellip;]<\/p>\n","protected":false},"author":3,"featured_media":63926,"comment_status":"closed","ping_status":"closed","sticky":false,"template":"","format":"standard","meta":{"_joinchat":[],"footnotes":""},"categories":[54,30],"tags":[],"class_list":{"0":"post-63925","1":"post","2":"type-post","3":"status-publish","4":"format-standard","5":"has-post-thumbnail","7":"category-margarita","8":"category-policiales"},"_links":{"self":[{"href":"https:\/\/infovera.com.ar\/web\/wp-json\/wp\/v2\/posts\/63925","targetHints":{"allow":["GET"]}}],"collection":[{"href":"https:\/\/infovera.com.ar\/web\/wp-json\/wp\/v2\/posts"}],"about":[{"href":"https:\/\/infovera.com.ar\/web\/wp-json\/wp\/v2\/types\/post"}],"author":[{"embeddable":true,"href":"https:\/\/infovera.com.ar\/web\/wp-json\/wp\/v2\/users\/3"}],"replies":[{"embeddable":true,"href":"https:\/\/infovera.com.ar\/web\/wp-json\/wp\/v2\/comments?post=63925"}],"version-history":[{"count":0,"href":"https:\/\/infovera.com.ar\/web\/wp-json\/wp\/v2\/posts\/63925\/revisions"}],"wp:featuredmedia":[{"embeddable":true,"href":"https:\/\/infovera.com.ar\/web\/wp-json\/wp\/v2\/media\/63926"}],"wp:attachment":[{"href":"https:\/\/infovera.com.ar\/web\/wp-json\/wp\/v2\/media?parent=63925"}],"wp:term":[{"taxonomy":"category","embeddable":true,"href":"https:\/\/infovera.com.ar\/web\/wp-json\/wp\/v2\/categories?post=63925"},{"taxonomy":"post_tag","embeddable":true,"href":"https:\/\/infovera.com.ar\/web\/wp-json\/wp\/v2\/tags?post=63925"}],"curies":[{"name":"wp","href":"https:\/\/api.w.org\/{rel}","templated":true}]}}