{"id":63769,"date":"2025-06-13T21:06:30","date_gmt":"2025-06-14T00:06:30","guid":{"rendered":"https:\/\/infovera.com.ar\/web\/?p=63769"},"modified":"2025-06-16T12:30:30","modified_gmt":"2025-06-16T15:30:30","slug":"paula-mitre-pusimos-en-valor-el-pilar-fundamental-de-la-cultura-verense-el-cine-teatro-espanol","status":"publish","type":"post","link":"https:\/\/infovera.com.ar\/web\/2025\/06\/13\/paula-mitre-pusimos-en-valor-el-pilar-fundamental-de-la-cultura-verense-el-cine-teatro-espanol\/","title":{"rendered":"Paula Mitre: &#8220;Pusimos en valor el pilar fundamental de la cultura verense: el Cine Teatro Espa\u00f1ol&#8221;"},"content":{"rendered":"<p>Con una inversi\u00f3n del Gobierno Provincial por m\u00e1s de $770.000.000 reaabi\u00f3 sus puertas para lucir sus remodeladas instalaciones.<\/p>\n<p>En su alocuci\u00f3n, la Intendente expres\u00f3: \u201choy volvemos a abrir las puertas de un lugar que late en la memoria y en el coraz\u00f3n de Vera, un edificio que no es solo ladrillos, butacas y telones, es el alma de tantas generaciones que se emocionaron con una pel\u00edcula, que aplaudieron una obra, que so\u00f1aron, que rieron, que lloraron, que aprendieron. Aqu\u00ed nacieron talentos, se vivieron primeras citas, se tejieron amistades y se form\u00f3 identidad.<\/p>\n<p>Reabrir este espacio es mucho m\u00e1s que restaurar un edificio: es recuperar un pedazo de nuestra historia, es apostar por la cultura como herramienta transformadora, es honrar a quienes lo hicieron posible y confiar en las nuevas generaciones para que lo mantengan vivo.<\/p>\n<p>Quiero agradecer fundamentalmente a la Sociedad Espa\u00f1ola de Vera, madre de esta instituci\u00f3n, la cual, desde sus or\u00edgenes, supo entender que el arte y la cultura no son ornamentos, sino ra\u00edces profundas que sostienen a una comunidad viva, diversa y solidaria.<\/p>\n<p>Por \u00faltimo, agradecer de coraz\u00f3n a todas las personas que, desde distintos lugares, aportaron a este renacer: a los trabajadores que restauraron con dedicaci\u00f3n cada detalle y al gobierno de la provincia por aportar los fondos necesarios\u201d.<\/p>\n<p>Que esta reapertura sea un nuevo comienzo. Que el Cine Teatro Espa\u00f1ol vuelva a ser el lugar en donde los ni\u00f1os se asombren y se diviertan, donde los j\u00f3venes se expresen, en donde los adultos se reencuentren con su historia y donde toda la comunidad se sienta representada.<\/p>\n<p>A su vez, el Presidente de la Sociedad Espa\u00f1ola de Vera, Rub\u00e9n Lapissonde expres\u00f3: &#8220;Esta obra demand\u00f3 m\u00e1s de lo esperado, es un edificio que cumplir\u00e1 94 a\u00f1os el mes pr\u00f3ximo, por lo cual se debi\u00f3 remplazar casi en su totalidad. Hoy prolongamos su vida unos 50 a\u00f1os m\u00e1s&#8221;<\/p>\n<p>Durante el acto, el Diputado Sergio Rojas entreg\u00f3 una Declaratoria de Inter\u00e9s de la C\u00e1mara de Diputadas y Diputados de la Provincia. El senador Osvaldo Sosa, hizo entrega de una Declaraci\u00f3n de Inter\u00e9s por parte de la C\u00e1mara de Senadores de Santa Fe y se descubrieron las placas que dan fe del hecho hist\u00f3rico que hoy vivimos.<\/p>\n<p>PRESENTES<\/p>\n<p>Estuvieron presentes: el Senador Provincial, Osvaldo Sosa, el Diputado Provincial, Sergio Rojas, el Presidente de la Sociedad Espa\u00f1ola de Vera, Rub\u00e9n Lapissonde, integrantes del gabinete municipal, funcionarios de la regi\u00f3n y vecinos.<\/p>\n<p><a href=\"https:\/\/infovera.com.ar\/web\/wp-content\/uploads\/2025\/06\/IMG-20250613-WA0131.jpg\"><img loading=\"lazy\" decoding=\"async\" class=\"alignleft size-full wp-image-63771\" src=\"https:\/\/infovera.com.ar\/web\/wp-content\/uploads\/2025\/06\/IMG-20250613-WA0131.jpg\" alt=\"\" width=\"4032\" height=\"2268\" srcset=\"https:\/\/infovera.com.ar\/web\/wp-content\/uploads\/2025\/06\/IMG-20250613-WA0131.jpg 4032w, https:\/\/infovera.com.ar\/web\/wp-content\/uploads\/2025\/06\/IMG-20250613-WA0131-696x392.jpg 696w, https:\/\/infovera.com.ar\/web\/wp-content\/uploads\/2025\/06\/IMG-20250613-WA0131-1068x601.jpg 1068w, https:\/\/infovera.com.ar\/web\/wp-content\/uploads\/2025\/06\/IMG-20250613-WA0131-747x420.jpg 747w\" sizes=\"auto, (max-width: 4032px) 100vw, 4032px\" \/><\/a><\/p>\n","protected":false},"excerpt":{"rendered":"<p>Con una inversi\u00f3n del Gobierno Provincial por m\u00e1s de $770.000.000 reaabi\u00f3 sus puertas para lucir sus remodeladas instalaciones. En su alocuci\u00f3n, la Intendente expres\u00f3: \u201choy volvemos a abrir las puertas de un lugar que late en la memoria y en el coraz\u00f3n de Vera, un edificio que no es solo ladrillos, butacas y telones, es [&hellip;]<\/p>\n","protected":false},"author":3,"featured_media":63770,"comment_status":"closed","ping_status":"closed","sticky":false,"template":"","format":"standard","meta":{"_joinchat":[],"footnotes":""},"categories":[40,53],"tags":[],"class_list":{"0":"post-63769","1":"post","2":"type-post","3":"status-publish","4":"format-standard","5":"has-post-thumbnail","7":"category-cultura","8":"category-vera"},"_links":{"self":[{"href":"https:\/\/infovera.com.ar\/web\/wp-json\/wp\/v2\/posts\/63769","targetHints":{"allow":["GET"]}}],"collection":[{"href":"https:\/\/infovera.com.ar\/web\/wp-json\/wp\/v2\/posts"}],"about":[{"href":"https:\/\/infovera.com.ar\/web\/wp-json\/wp\/v2\/types\/post"}],"author":[{"embeddable":true,"href":"https:\/\/infovera.com.ar\/web\/wp-json\/wp\/v2\/users\/3"}],"replies":[{"embeddable":true,"href":"https:\/\/infovera.com.ar\/web\/wp-json\/wp\/v2\/comments?post=63769"}],"version-history":[{"count":0,"href":"https:\/\/infovera.com.ar\/web\/wp-json\/wp\/v2\/posts\/63769\/revisions"}],"wp:featuredmedia":[{"embeddable":true,"href":"https:\/\/infovera.com.ar\/web\/wp-json\/wp\/v2\/media\/63770"}],"wp:attachment":[{"href":"https:\/\/infovera.com.ar\/web\/wp-json\/wp\/v2\/media?parent=63769"}],"wp:term":[{"taxonomy":"category","embeddable":true,"href":"https:\/\/infovera.com.ar\/web\/wp-json\/wp\/v2\/categories?post=63769"},{"taxonomy":"post_tag","embeddable":true,"href":"https:\/\/infovera.com.ar\/web\/wp-json\/wp\/v2\/tags?post=63769"}],"curies":[{"name":"wp","href":"https:\/\/api.w.org\/{rel}","templated":true}]}}