{"id":63766,"date":"2025-06-13T16:48:40","date_gmt":"2025-06-13T19:48:40","guid":{"rendered":"https:\/\/infovera.com.ar\/web\/?p=63766"},"modified":"2025-06-15T13:49:41","modified_gmt":"2025-06-15T16:49:41","slug":"esclarecen-robo-domiciliario-en-vera-dos-aprehendidos-con-electrodomesticos-sustraidos","status":"publish","type":"post","link":"https:\/\/infovera.com.ar\/web\/2025\/06\/13\/esclarecen-robo-domiciliario-en-vera-dos-aprehendidos-con-electrodomesticos-sustraidos\/","title":{"rendered":"Esclarecen robo domiciliario en Vera: dos aprehendidos con electrodom\u00e9sticos sustra\u00eddos"},"content":{"rendered":"<p><strong>Personal policial de la Secci\u00f3n Comando Radioel\u00e9ctrico de la Unidad Regional XIX logr\u00f3 el esclarecimiento de un hecho il\u00edcito durante recorridas preventivas realizadas en distintos sectores de la ciudad.<\/strong><\/p>\n<p>El operativo tuvo lugar en inmediaciones de calle Espa\u00f1a, a pocos metros de calle Moreno, donde los agentes observaron a dos personas en actitud sospechosa que transportaban una pava el\u00e9ctrica, un microondas y un horno el\u00e9ctrico. Al ser interceptados, ambos individuos, mayores de edad (32 y 21 a\u00f1os) y con domicilio en Vera, no pudieron justificar la procedencia de los elementos.<\/p>\n<p>Ante las inconsistencias en sus declaraciones, los efectivos procedieron a la aprehensi\u00f3n de ambos sujetos y su traslado a sede policial. Luego de las tareas investigativas, se determin\u00f3 que los electrodom\u00e9sticos hab\u00edan sido sustra\u00eddos de una vivienda cuyos moradores no se encontraban presentes al momento del robo.<\/p>\n<p>Se dio intervenci\u00f3n al fiscal en turno, quien dispuso las actuaciones procesales correspondientes.<\/p>\n","protected":false},"excerpt":{"rendered":"<p>Personal policial de la Secci\u00f3n Comando Radioel\u00e9ctrico de la Unidad Regional XIX logr\u00f3 el esclarecimiento de un hecho il\u00edcito durante recorridas preventivas realizadas en distintos sectores de la ciudad. El operativo tuvo lugar en inmediaciones de calle Espa\u00f1a, a pocos metros de calle Moreno, donde los agentes observaron a dos personas en actitud sospechosa que [&hellip;]<\/p>\n","protected":false},"author":3,"featured_media":63767,"comment_status":"closed","ping_status":"closed","sticky":false,"template":"","format":"standard","meta":{"_joinchat":[],"footnotes":""},"categories":[30,53],"tags":[],"class_list":{"0":"post-63766","1":"post","2":"type-post","3":"status-publish","4":"format-standard","5":"has-post-thumbnail","7":"category-policiales","8":"category-vera"},"_links":{"self":[{"href":"https:\/\/infovera.com.ar\/web\/wp-json\/wp\/v2\/posts\/63766","targetHints":{"allow":["GET"]}}],"collection":[{"href":"https:\/\/infovera.com.ar\/web\/wp-json\/wp\/v2\/posts"}],"about":[{"href":"https:\/\/infovera.com.ar\/web\/wp-json\/wp\/v2\/types\/post"}],"author":[{"embeddable":true,"href":"https:\/\/infovera.com.ar\/web\/wp-json\/wp\/v2\/users\/3"}],"replies":[{"embeddable":true,"href":"https:\/\/infovera.com.ar\/web\/wp-json\/wp\/v2\/comments?post=63766"}],"version-history":[{"count":0,"href":"https:\/\/infovera.com.ar\/web\/wp-json\/wp\/v2\/posts\/63766\/revisions"}],"wp:featuredmedia":[{"embeddable":true,"href":"https:\/\/infovera.com.ar\/web\/wp-json\/wp\/v2\/media\/63767"}],"wp:attachment":[{"href":"https:\/\/infovera.com.ar\/web\/wp-json\/wp\/v2\/media?parent=63766"}],"wp:term":[{"taxonomy":"category","embeddable":true,"href":"https:\/\/infovera.com.ar\/web\/wp-json\/wp\/v2\/categories?post=63766"},{"taxonomy":"post_tag","embeddable":true,"href":"https:\/\/infovera.com.ar\/web\/wp-json\/wp\/v2\/tags?post=63766"}],"curies":[{"name":"wp","href":"https:\/\/api.w.org\/{rel}","templated":true}]}}