{"id":63760,"date":"2025-06-13T17:00:12","date_gmt":"2025-06-13T20:00:12","guid":{"rendered":"https:\/\/infovera.com.ar\/web\/?p=63760"},"modified":"2025-06-15T13:49:06","modified_gmt":"2025-06-15T16:49:06","slug":"aniversario-de-vera-informacion-importante-para-instituciones-artesanos-y-emprendedores","status":"publish","type":"post","link":"https:\/\/infovera.com.ar\/web\/2025\/06\/13\/aniversario-de-vera-informacion-importante-para-instituciones-artesanos-y-emprendedores\/","title":{"rendered":"Aniversario de Vera: informaci\u00f3n importante para instituciones, artesanos y emprendedores"},"content":{"rendered":"<p><strong>La Secretar\u00eda de Hacienda, Finanzas e Ingresos P\u00fablicos de la Municipalidad de Vera, informa a nuestras instituciones, artesanos y emprendedores de la ciudad de Vera que deseen participar en las celebraciones de los d\u00edas 23\/06 y 24\/06<\/strong>, en el predio del Paseo de las Artes, deben inscribirse en la Municipalidad o comunicarse al tel\u00e9fono 3483 497585 de lunes a viernes de 7 a 13 h.<\/p>\n<p>Vale aclarar que los puestos son asignados de manera gratuita, por lo que los cupos son limitados.<\/p>\n<p><strong>&#8220;En esta oportunidad del aniversario de la ciudad de Vera, acompa\u00f1amos y apoyamos a nuestros emprendedores y comerciantes locales,<\/strong> vecinos de la comunidad que, por la situaci\u00f3n econ\u00f3mica y el agravante de la inundaci\u00f3n, necesitan de nuestro apoyo.<\/p>\n<p>Como siempre, unidos los verenses, solidarios y cuid\u00e1ndonos entre todos.<\/p>\n<p>Es por ello, que la Municipalidad recuerda que, por esta vez, solo se permitir\u00e1 la instalaci\u00f3n de puestos a emprendedores e instituciones de Vera&#8221;.<\/p>\n","protected":false},"excerpt":{"rendered":"<p>La Secretar\u00eda de Hacienda, Finanzas e Ingresos P\u00fablicos de la Municipalidad de Vera, informa a nuestras instituciones, artesanos y emprendedores de la ciudad de Vera que deseen participar en las celebraciones de los d\u00edas 23\/06 y 24\/06, en el predio del Paseo de las Artes, deben inscribirse en la Municipalidad o comunicarse al tel\u00e9fono 3483 [&hellip;]<\/p>\n","protected":false},"author":3,"featured_media":48625,"comment_status":"closed","ping_status":"closed","sticky":false,"template":"","format":"standard","meta":{"_joinchat":[],"footnotes":""},"categories":[53],"tags":[],"class_list":{"0":"post-63760","1":"post","2":"type-post","3":"status-publish","4":"format-standard","5":"has-post-thumbnail","7":"category-vera"},"_links":{"self":[{"href":"https:\/\/infovera.com.ar\/web\/wp-json\/wp\/v2\/posts\/63760","targetHints":{"allow":["GET"]}}],"collection":[{"href":"https:\/\/infovera.com.ar\/web\/wp-json\/wp\/v2\/posts"}],"about":[{"href":"https:\/\/infovera.com.ar\/web\/wp-json\/wp\/v2\/types\/post"}],"author":[{"embeddable":true,"href":"https:\/\/infovera.com.ar\/web\/wp-json\/wp\/v2\/users\/3"}],"replies":[{"embeddable":true,"href":"https:\/\/infovera.com.ar\/web\/wp-json\/wp\/v2\/comments?post=63760"}],"version-history":[{"count":0,"href":"https:\/\/infovera.com.ar\/web\/wp-json\/wp\/v2\/posts\/63760\/revisions"}],"wp:featuredmedia":[{"embeddable":true,"href":"https:\/\/infovera.com.ar\/web\/wp-json\/wp\/v2\/media\/48625"}],"wp:attachment":[{"href":"https:\/\/infovera.com.ar\/web\/wp-json\/wp\/v2\/media?parent=63760"}],"wp:term":[{"taxonomy":"category","embeddable":true,"href":"https:\/\/infovera.com.ar\/web\/wp-json\/wp\/v2\/categories?post=63760"},{"taxonomy":"post_tag","embeddable":true,"href":"https:\/\/infovera.com.ar\/web\/wp-json\/wp\/v2\/tags?post=63760"}],"curies":[{"name":"wp","href":"https:\/\/api.w.org\/{rel}","templated":true}]}}