{"id":63756,"date":"2025-06-13T17:29:56","date_gmt":"2025-06-13T20:29:56","guid":{"rendered":"https:\/\/infovera.com.ar\/web\/?p=63756"},"modified":"2025-06-15T13:48:38","modified_gmt":"2025-06-15T16:48:38","slug":"en-un-hecho-unico-en-el-pais-en-vera-confeccionan-certificados-unicos-de-discapacidad-a-familiares-de-policias","status":"publish","type":"post","link":"https:\/\/infovera.com.ar\/web\/2025\/06\/13\/en-un-hecho-unico-en-el-pais-en-vera-confeccionan-certificados-unicos-de-discapacidad-a-familiares-de-policias\/","title":{"rendered":"En un hecho \u00fanico en el pa\u00eds, en Vera confeccionan certificados \u00fanicos de discapacidad a familiares de polic\u00edas"},"content":{"rendered":"<p>Tambi\u00e9n se incluye en el servicio al Servicio Penitenciario.<\/p>\n<p><strong>En la fecha se hicieron presentes en la Delegaci\u00f3n de Servicios Sociales Zona Norte a cargo del Subdirector Lic. Daniel Fern\u00e1ndez, la cual funciona en la Unidad Regional XIX,<\/strong> profesionales pertenecientes a la Direcci\u00f3n General de Servicios Sociales, quienes bajo las \u00f3rdenes impartidas por la directora de Polic\u00eda Lic. Carolina Mandar procedieron a realizar los certificados \u00fanicos de discapacidad a familiares de personal policial, como as\u00ed tambi\u00e9n a la renovaci\u00f3n en algunos casos .<\/p>\n<p>Se trata de un hecho in\u00e9dito en la zona norte ya que es la primera vez que se realizan desde la polic\u00eda dichos certificados.<\/p>\n<p>En tanto, <strong>se hace saber a aquellos empleados ya sea policiales, penitenciarios o de cualquier fuerza de seguridad que tengan alg\u00fan familiar directo con discapacidad podr\u00e1n concurrir de la Delegaci\u00f3n Zona Norte para gestionar los certificados o renovaci\u00f3n de los que ya cuenten con el CUD.<\/strong><\/p>\n<p>Adem\u00e1s, pueden conectarse con el celular 342-6399808 perteneciente a la Oficina de Discapacidad de la Direcci\u00f3n General de Servicios Sociales de Santa Fe quienes se pondr\u00e1n con contacto con todos aquellos que tengan esta problem\u00e1tica.<\/p>\n<p data-start=\"964\" data-end=\"1388\"><strong>Equipo<\/strong><\/p>\n<p data-start=\"964\" data-end=\"1388\">La Junta estuvo integrada por el <strong data-start=\"997\" data-end=\"1058\">Lic. en Trabajo Social y Comisario Supervisor Bruno Gatto<\/strong>, el <strong data-start=\"1063\" data-end=\"1099\">Inspector M\u00e9dico Dr. Juan Cornut<\/strong>, la <strong data-start=\"1104\" data-end=\"1155\">Inspectora Lic. en Kinesiolog\u00eda Jimena Gonz\u00e1lez<\/strong>, la <strong data-start=\"1160\" data-end=\"1194\">Suboficial T.O. Josefina Neira<\/strong> y la <strong data-start=\"1200\" data-end=\"1256\">Suboficial Lic. en Psicopedagog\u00eda Agustina Fern\u00e1ndez<\/strong>. Asimismo, se sum\u00f3 la participaci\u00f3n de la <strong data-start=\"1299\" data-end=\"1326\">Psic\u00f3loga Georgina Anza<\/strong>, quien brind\u00f3 apoyo en tareas de orientaci\u00f3n y asesoramiento.<\/p>\n<p data-start=\"1390\" data-end=\"1677\">Paralelamente, se trasladaron a las instalaciones del Hospital de Vera profesionales de la <strong data-start=\"1481\" data-end=\"1574\">Subsecretar\u00eda de Personas con Discapacidad del Ministerio de Igualdad y Desarrollo Humano<\/strong>, para desarrollar tareas similares en el \u00e1mbito de salud p\u00fablica, en articulaci\u00f3n con esta iniciativa.<\/p>\n<p data-start=\"1716\" data-end=\"1983\">Seg\u00fan se inform\u00f3, esta actividad se realizar\u00e1 peri\u00f3dicamente con el objetivo de <strong data-start=\"1796\" data-end=\"1881\">descentralizar el servicio y facilitar el acceso a prestaciones vinculadas al CUD<\/strong> en todo el territorio provincial, evitando traslados innecesarios hacia centros urbanos m\u00e1s alejados.<\/p>\n","protected":false},"excerpt":{"rendered":"<p>Tambi\u00e9n se incluye en el servicio al Servicio Penitenciario. En la fecha se hicieron presentes en la Delegaci\u00f3n de Servicios Sociales Zona Norte a cargo del Subdirector Lic. Daniel Fern\u00e1ndez, la cual funciona en la Unidad Regional XIX, profesionales pertenecientes a la Direcci\u00f3n General de Servicios Sociales, quienes bajo las \u00f3rdenes impartidas por la directora [&hellip;]<\/p>\n","protected":false},"author":3,"featured_media":63757,"comment_status":"closed","ping_status":"closed","sticky":false,"template":"","format":"standard","meta":{"_joinchat":[],"footnotes":""},"categories":[53],"tags":[],"class_list":{"0":"post-63756","1":"post","2":"type-post","3":"status-publish","4":"format-standard","5":"has-post-thumbnail","7":"category-vera"},"_links":{"self":[{"href":"https:\/\/infovera.com.ar\/web\/wp-json\/wp\/v2\/posts\/63756","targetHints":{"allow":["GET"]}}],"collection":[{"href":"https:\/\/infovera.com.ar\/web\/wp-json\/wp\/v2\/posts"}],"about":[{"href":"https:\/\/infovera.com.ar\/web\/wp-json\/wp\/v2\/types\/post"}],"author":[{"embeddable":true,"href":"https:\/\/infovera.com.ar\/web\/wp-json\/wp\/v2\/users\/3"}],"replies":[{"embeddable":true,"href":"https:\/\/infovera.com.ar\/web\/wp-json\/wp\/v2\/comments?post=63756"}],"version-history":[{"count":0,"href":"https:\/\/infovera.com.ar\/web\/wp-json\/wp\/v2\/posts\/63756\/revisions"}],"wp:featuredmedia":[{"embeddable":true,"href":"https:\/\/infovera.com.ar\/web\/wp-json\/wp\/v2\/media\/63757"}],"wp:attachment":[{"href":"https:\/\/infovera.com.ar\/web\/wp-json\/wp\/v2\/media?parent=63756"}],"wp:term":[{"taxonomy":"category","embeddable":true,"href":"https:\/\/infovera.com.ar\/web\/wp-json\/wp\/v2\/categories?post=63756"},{"taxonomy":"post_tag","embeddable":true,"href":"https:\/\/infovera.com.ar\/web\/wp-json\/wp\/v2\/tags?post=63756"}],"curies":[{"name":"wp","href":"https:\/\/api.w.org\/{rel}","templated":true}]}}