{"id":63752,"date":"2025-06-13T13:57:16","date_gmt":"2025-06-13T16:57:16","guid":{"rendered":"https:\/\/infovera.com.ar\/web\/?p=63752"},"modified":"2025-06-13T21:08:17","modified_gmt":"2025-06-14T00:08:17","slug":"festram-acepto-la-oferta-salarial-8-de-aumento-para-trabajadores-municipales-y-comunales","status":"publish","type":"post","link":"https:\/\/infovera.com.ar\/web\/2025\/06\/13\/festram-acepto-la-oferta-salarial-8-de-aumento-para-trabajadores-municipales-y-comunales\/","title":{"rendered":"FESTRAM acept\u00f3 la oferta salarial: 8 % de aumento para trabajadores municipales y comunales"},"content":{"rendered":"<p>El Plenario de Secretarios Generales de FESTRAM resolvi\u00f3 aceptar la oferta salarial propuesta por los representantes de Intendentes y Presidentes comunales.<\/p>\n<p>Esto significa que los trabajadores municipales y comunales recibir\u00e1n un incremento salarial del 8% a partir de abril, con una garant\u00eda salarial de $75.000 para los meses de abril, mayo y junio. Adem\u00e1s, se abonar\u00e1 un 4,5% adicional por la diferencia inflacionaria del primer trimestre.<\/p>\n<p>Es importante destacar que esta decisi\u00f3n se tom\u00f3 despu\u00e9s de una negociaci\u00f3n que resolvi\u00f3 las medidas de fuerza de 24 y 48 horas en mayo. Tambi\u00e9n se acord\u00f3 que no se aplicar\u00e1n descuentos por las medidas adoptadas a los trabajadores y trabajadoras municipales y comunales.<\/p>\n<p>Ell acuerdo formal se suscribir\u00e1 en la reuni\u00f3n del martes en la Secretar\u00eda de Gobierno, Municipios y Comunas.<\/p>\n","protected":false},"excerpt":{"rendered":"<p>El Plenario de Secretarios Generales de FESTRAM resolvi\u00f3 aceptar la oferta salarial propuesta por los representantes de Intendentes y Presidentes comunales. Esto significa que los trabajadores municipales y comunales recibir\u00e1n un incremento salarial del 8% a partir de abril, con una garant\u00eda salarial de $75.000 para los meses de abril, mayo y junio. Adem\u00e1s, se [&hellip;]<\/p>\n","protected":false},"author":3,"featured_media":63753,"comment_status":"closed","ping_status":"closed","sticky":false,"template":"","format":"standard","meta":{"_joinchat":[],"footnotes":""},"categories":[27,60],"tags":[],"class_list":{"0":"post-63752","1":"post","2":"type-post","3":"status-publish","4":"format-standard","5":"has-post-thumbnail","7":"category-gremiales","8":"category-provinciales"},"_links":{"self":[{"href":"https:\/\/infovera.com.ar\/web\/wp-json\/wp\/v2\/posts\/63752","targetHints":{"allow":["GET"]}}],"collection":[{"href":"https:\/\/infovera.com.ar\/web\/wp-json\/wp\/v2\/posts"}],"about":[{"href":"https:\/\/infovera.com.ar\/web\/wp-json\/wp\/v2\/types\/post"}],"author":[{"embeddable":true,"href":"https:\/\/infovera.com.ar\/web\/wp-json\/wp\/v2\/users\/3"}],"replies":[{"embeddable":true,"href":"https:\/\/infovera.com.ar\/web\/wp-json\/wp\/v2\/comments?post=63752"}],"version-history":[{"count":0,"href":"https:\/\/infovera.com.ar\/web\/wp-json\/wp\/v2\/posts\/63752\/revisions"}],"wp:featuredmedia":[{"embeddable":true,"href":"https:\/\/infovera.com.ar\/web\/wp-json\/wp\/v2\/media\/63753"}],"wp:attachment":[{"href":"https:\/\/infovera.com.ar\/web\/wp-json\/wp\/v2\/media?parent=63752"}],"wp:term":[{"taxonomy":"category","embeddable":true,"href":"https:\/\/infovera.com.ar\/web\/wp-json\/wp\/v2\/categories?post=63752"},{"taxonomy":"post_tag","embeddable":true,"href":"https:\/\/infovera.com.ar\/web\/wp-json\/wp\/v2\/tags?post=63752"}],"curies":[{"name":"wp","href":"https:\/\/api.w.org\/{rel}","templated":true}]}}