{"id":63737,"date":"2025-06-12T12:37:52","date_gmt":"2025-06-12T15:37:52","guid":{"rendered":"https:\/\/infovera.com.ar\/web\/?p=63737"},"modified":"2025-06-13T14:00:08","modified_gmt":"2025-06-13T17:00:08","slug":"23-de-presos-de-san-justo-fueron-trasladados-a-santa-felicia","status":"publish","type":"post","link":"https:\/\/infovera.com.ar\/web\/2025\/06\/12\/23-de-presos-de-san-justo-fueron-trasladados-a-santa-felicia\/","title":{"rendered":"23 de presos de San Justo fueron trasladados a Santa Felicia"},"content":{"rendered":"<p><strong>El Gobierno Provincial contin\u00faa con el traslado de presos del norte provincial. \u201cLa seguridad es una prioridad para nosotros, y ocupa el primer punto en la agenda\u201d, destac\u00f3 la secretaria de Gesti\u00f3n Institucional del Ministerio de Justicia y Seguridad de la Provincia, Virginia Coudannes. Son 23 los reclusos que estaban alojados en la Unidad Regional de San Justo y fueron derivados a los nuevos pabellones de Santa Felicia.\u00a0<\/strong><\/p>\n<p>El Gobierno de Santa Fe, a trav\u00e9s del Ministerio de Justicia y Seguridad, inici\u00f3 esta semana la segunda etapa de traslado de presos del norte provincial. Son en total 23 los reclusos que estaban alojados en la Alcaid\u00eda de San Justo y ahora fueron ubicados en los nuevos pabellones de Santa Felicia. Esta medida se llev\u00f3 a cabo en la sede de la Unidad Regional XVI de San Justo, con la supervisi\u00f3n de la secretaria de Gesti\u00f3n Institucional, Virginia Coudannes.<\/p>\n<p>En la oportunidad, adem\u00e1s, se entregaron ocho camionetas para patrullaje policial a la Unidad Regional y fondos correspondientes al programa V\u00ednculos para instituciones del departamento.<\/p>\n<p>Al respecto, la secretaria de Gesti\u00f3n Institucional, Virginia Coudannes, se\u00f1al\u00f3 que el gobernador, Maximiliano Pullaro, y el ministro de Justicia y Seguridad de Santa Fe, Pablo Cococcioni, \u201csiempre nos instan a trabajar con los referentes territoriales, con los gobiernos locales y con las instituciones. Hoy estamos entregando estas camionetas, gracias a una compra eficiente por parte del gobierno de la provincia de Santa Fe y firmando convenios V\u00ednculos con instituciones, con el prop\u00f3sito de mejorar la seguridad con infraestructura\u201d.<\/p>\n<p>La funcionaria indic\u00f3 que \u201ctambi\u00e9n trasladamos 19 detenidos que estaban en esta Unidad Regional y que hoy mismo fueron ubicados en Santa Felicia (donde el gobernador habilit\u00f3 recientemente dos pabellones), que se suman a otros cuatro que recientemente fueron aprehendidos por un hecho sucedido hace unos d\u00edas en Gobernador Crespo; por lo tanto son 23 en total\u201d.<\/p>\n<p><strong>Programa V\u00ednculos<\/strong><\/p>\n<p>El programa V\u00ednculos, del Gobierno Provincial, tiene como objetivo implementar pol\u00edticas de prevenci\u00f3n en seguridad en gobiernos locales (municipios y comunas), con el fin de fortalecerlas y generar entornos m\u00e1s seguros en cada comunidad. Pueden participar asociaciones civiles y fundaciones debidamente acreditadas.<\/p>\n<p>En esta ocasi\u00f3n, se firmaron convenios con tres instituciones del departamento San Justo:<\/p>\n<p>* El Museo Hist\u00f3rico Regional de Gobernador Crespo, con el proyecto \u201cMuseo m\u00e1s seguro\u201d (C\u00e1maras en lugares de ingreso, recambio de luminarias e instalaci\u00f3n en 3 laterales)<\/p>\n<p>* Giuliani Football Club, que permitir\u00e1 el cerramiento perimetral.<\/p>\n<p>* Aeroclub de Gobernador Crespo para la instalaci\u00f3n de c\u00e1maras en ingresos y zonas de servicios.<\/p>\n","protected":false},"excerpt":{"rendered":"<p>El Gobierno Provincial contin\u00faa con el traslado de presos del norte provincial. \u201cLa seguridad es una prioridad para nosotros, y ocupa el primer punto en la agenda\u201d, destac\u00f3 la secretaria de Gesti\u00f3n Institucional del Ministerio de Justicia y Seguridad de la Provincia, Virginia Coudannes. Son 23 los reclusos que estaban alojados en la Unidad Regional [&hellip;]<\/p>\n","protected":false},"author":3,"featured_media":63738,"comment_status":"closed","ping_status":"closed","sticky":false,"template":"","format":"standard","meta":{"_joinchat":[],"footnotes":""},"categories":[53],"tags":[],"class_list":{"0":"post-63737","1":"post","2":"type-post","3":"status-publish","4":"format-standard","5":"has-post-thumbnail","7":"category-vera"},"_links":{"self":[{"href":"https:\/\/infovera.com.ar\/web\/wp-json\/wp\/v2\/posts\/63737","targetHints":{"allow":["GET"]}}],"collection":[{"href":"https:\/\/infovera.com.ar\/web\/wp-json\/wp\/v2\/posts"}],"about":[{"href":"https:\/\/infovera.com.ar\/web\/wp-json\/wp\/v2\/types\/post"}],"author":[{"embeddable":true,"href":"https:\/\/infovera.com.ar\/web\/wp-json\/wp\/v2\/users\/3"}],"replies":[{"embeddable":true,"href":"https:\/\/infovera.com.ar\/web\/wp-json\/wp\/v2\/comments?post=63737"}],"version-history":[{"count":0,"href":"https:\/\/infovera.com.ar\/web\/wp-json\/wp\/v2\/posts\/63737\/revisions"}],"wp:featuredmedia":[{"embeddable":true,"href":"https:\/\/infovera.com.ar\/web\/wp-json\/wp\/v2\/media\/63738"}],"wp:attachment":[{"href":"https:\/\/infovera.com.ar\/web\/wp-json\/wp\/v2\/media?parent=63737"}],"wp:term":[{"taxonomy":"category","embeddable":true,"href":"https:\/\/infovera.com.ar\/web\/wp-json\/wp\/v2\/categories?post=63737"},{"taxonomy":"post_tag","embeddable":true,"href":"https:\/\/infovera.com.ar\/web\/wp-json\/wp\/v2\/tags?post=63737"}],"curies":[{"name":"wp","href":"https:\/\/api.w.org\/{rel}","templated":true}]}}