{"id":63731,"date":"2025-06-12T12:27:18","date_gmt":"2025-06-12T15:27:18","guid":{"rendered":"https:\/\/infovera.com.ar\/web\/?p=63731"},"modified":"2025-06-12T17:31:03","modified_gmt":"2025-06-12T20:31:03","slug":"condenaron-a-20-anos-de-prision-a-un-hombre-que-abuso-de-tres-ninas-en-margarita","status":"publish","type":"post","link":"https:\/\/infovera.com.ar\/web\/2025\/06\/12\/condenaron-a-20-anos-de-prision-a-un-hombre-que-abuso-de-tres-ninas-en-margarita\/","title":{"rendered":"Condenaron a 20 a\u00f1os de prisi\u00f3n a un hombre que abus\u00f3 de\u00a0tres\u00a0ni\u00f1as\u00a0en Margarita"},"content":{"rendered":"<p><strong>Se trata de\u00a0Jos\u00e9 Luis G\u00f3mez,\u00a0de\u00a039\u00a0a\u00f1os.\u00a0Dos de las v\u00edctimas eran de su entorno familiar y la tercera era su vecina.\u00a0La sentencia fue dispuesta por unanimidad en el marco de un juicio oral que\u00a0se realiz\u00f3\u00a0en los tribunales de\u00a0Vera. El fiscal Norberto R\u00edos\u00a0represent\u00f3 al MPA en el debate.<\/strong><\/p>\n<p>Un hombre\u00a0de\u00a039\u00a0a\u00f1os identificado como Jos\u00e9 Luis G\u00f3mez\u00a0fue condenado a\u00a020\u00a0a\u00f1os de prisi\u00f3n por haber abusado sexualmente de\u00a0tres\u00a0ni\u00f1as,\u00a0dos de su entorno familiar y una vecina, en\u00a0la localidad de\u00a0Margarita\u00a0(departamento Vera).\u00a0As\u00ed fue dispuesto por unanimidad por\u00a0un tribunal integrado por\u00a0los jueces\u00a0Mart\u00edn Gauna Chapero y Santiago Benegas\u00a0y la jueza\u00a0Claudia Bressan\u00a0en el marco de un juicio oral que\u00a0se llev\u00f3 a cabo\u00a0en los tribunales de\u00a0Vera.<\/p>\n<p>El\u00a0fiscal\u00a0Norberto R\u00edos,\u00a0que\u00a0represent\u00f3 al MPA en el debate, valor\u00f3\u00a0que\u00a0\u201cel tribunal consider\u00f3 acreditada la acusaci\u00f3n que realizamos y orden\u00f3 la pena que hab\u00edamos solicitado en nuestros alegatos\u201d.<\/p>\n<p>Asimismo, el funcionario judicial destac\u00f3 que \u201cuna vez finalizado el juicio, las v\u00edctimas \u2013una de ellas es mayor de edad en la actualidad\u2013 y sus familiares nos manifestaron su conformidad con lo resuelto y remarcaron que \u2018se hizo justicia\u2019\u201d.<\/p>\n<p><strong>Los hechos<\/strong><\/p>\n<p>R\u00edos\u00a0indic\u00f3 que \u201cG\u00f3mez\u00a0llev\u00f3 a cabo su accionar delictivo en reiteradas oportunidades entre 2016 y 2022\u201d\u00a0y agreg\u00f3 que \u201cen aquel momento,\u00a0las v\u00edctimas transitaban su escolaridad primaria\u201d.\u00a0Al respecto, puntualiz\u00f3\u00a0que\u00a0\u201cla mayor\u00eda de\u00a0los il\u00edcitos tuvieron lugar en\u00a0una casa en la que\u00a0viv\u00eda el condenado, y a la que\u00a0las ni\u00f1as sol\u00edan ir de visita, en funci\u00f3n de que son\u00a0familiares\u00a0y por la cercan\u00eda con la familia vecina\u201d.<\/p>\n<p>\u201cEn relaci\u00f3n\u00a0a los abusos a\u00a0las dos ni\u00f1as de su entorno familiar, tambi\u00e9n\u00a0atent\u00f3 contra la integridad sexual\u00a0de ellas en sus respectivas viviendas\u201d, detall\u00f3\u00a0R\u00edos\u00a0y agreg\u00f3 que \u201cen el caso de una de ellas, tambi\u00e9n la agredi\u00f3 sexualmente en un campo al que iban a buscar le\u00f1a\u201d.<\/p>\n<p>El\u00a0funcionario\u00a0inform\u00f3 que\u00a0\u201cuna de\u00a0ellas\u00a0padece una discapacidad\u00a0f\u00edsica,\u00a0lo que hace a\u00fan m\u00e1s evidente\u00a0la vulnerabilidad f\u00edsica y ps\u00edquica respecto de su agresor\u201d, y a\u00f1adi\u00f3 que \u201cG\u00f3mez\u00a0amenaz\u00f3 de muerte a las ni\u00f1as para que no contaran nada de lo sucedido\u201d.<\/p>\n<p>\u201cEn 2022, la\u00a0ni\u00f1a que era\u00a0vecina\u00a0del condenado pudo contarle a su madre lo ocurrido, a partir de lo cual se radic\u00f3\u00a0la denuncia\u00a0penal\u00a0inmediatamente\u201d, sostuvo R\u00edos.\u00a0En tal sentido, el fiscal indic\u00f3 que \u201ca partir de esta investigaci\u00f3n,\u00a0otra de las ni\u00f1as\u00a0pudo tambi\u00e9n revelar los padecimientos sufridos a sus familiares\u201d.<\/p>\n<p>El representante del MPA manifest\u00f3 que\u00a0\u201cpor\u00a0el contexto intrafamiliar\u00a0y\u00a0de cercan\u00eda\u00a0y las caracter\u00edsticas de las vulneraciones, lo sucedido tuvo\u00a0entidad suficiente para interferir en\u00a0el\u00a0libre y progresivo desarrollo\u00a0de las\u00a0tres\u00a0ni\u00f1as\u201d.<\/p>\n<p><strong>Calificaci\u00f3n penal<\/strong><\/p>\n<p>G\u00f3mez fue condenado como autor de los delitos de abuso sexual con acceso carnal reiterado (tres hechos); abuso sexual gravemente ultrajante (dos hechos) y abuso sexual simple.<\/p>\n","protected":false},"excerpt":{"rendered":"<p>Se trata de\u00a0Jos\u00e9 Luis G\u00f3mez,\u00a0de\u00a039\u00a0a\u00f1os.\u00a0Dos de las v\u00edctimas eran de su entorno familiar y la tercera era su vecina.\u00a0La sentencia fue dispuesta por unanimidad en el marco de un juicio oral que\u00a0se realiz\u00f3\u00a0en los tribunales de\u00a0Vera. El fiscal Norberto R\u00edos\u00a0represent\u00f3 al MPA en el debate. Un hombre\u00a0de\u00a039\u00a0a\u00f1os identificado como Jos\u00e9 Luis G\u00f3mez\u00a0fue condenado a\u00a020\u00a0a\u00f1os de [&hellip;]<\/p>\n","protected":false},"author":3,"featured_media":61210,"comment_status":"closed","ping_status":"closed","sticky":false,"template":"","format":"standard","meta":{"_joinchat":[],"footnotes":""},"categories":[54,30,53],"tags":[],"class_list":{"0":"post-63731","1":"post","2":"type-post","3":"status-publish","4":"format-standard","5":"has-post-thumbnail","7":"category-margarita","8":"category-policiales","9":"category-vera"},"_links":{"self":[{"href":"https:\/\/infovera.com.ar\/web\/wp-json\/wp\/v2\/posts\/63731","targetHints":{"allow":["GET"]}}],"collection":[{"href":"https:\/\/infovera.com.ar\/web\/wp-json\/wp\/v2\/posts"}],"about":[{"href":"https:\/\/infovera.com.ar\/web\/wp-json\/wp\/v2\/types\/post"}],"author":[{"embeddable":true,"href":"https:\/\/infovera.com.ar\/web\/wp-json\/wp\/v2\/users\/3"}],"replies":[{"embeddable":true,"href":"https:\/\/infovera.com.ar\/web\/wp-json\/wp\/v2\/comments?post=63731"}],"version-history":[{"count":0,"href":"https:\/\/infovera.com.ar\/web\/wp-json\/wp\/v2\/posts\/63731\/revisions"}],"wp:featuredmedia":[{"embeddable":true,"href":"https:\/\/infovera.com.ar\/web\/wp-json\/wp\/v2\/media\/61210"}],"wp:attachment":[{"href":"https:\/\/infovera.com.ar\/web\/wp-json\/wp\/v2\/media?parent=63731"}],"wp:term":[{"taxonomy":"category","embeddable":true,"href":"https:\/\/infovera.com.ar\/web\/wp-json\/wp\/v2\/categories?post=63731"},{"taxonomy":"post_tag","embeddable":true,"href":"https:\/\/infovera.com.ar\/web\/wp-json\/wp\/v2\/tags?post=63731"}],"curies":[{"name":"wp","href":"https:\/\/api.w.org\/{rel}","templated":true}]}}