{"id":63720,"date":"2025-06-12T13:16:06","date_gmt":"2025-06-12T16:16:06","guid":{"rendered":"https:\/\/infovera.com.ar\/web\/?p=63720"},"modified":"2025-06-13T13:59:22","modified_gmt":"2025-06-13T16:59:22","slug":"video-una-humilde-familia-fue-desalojada-en-vera","status":"publish","type":"post","link":"https:\/\/infovera.com.ar\/web\/2025\/06\/12\/video-una-humilde-familia-fue-desalojada-en-vera\/","title":{"rendered":"(Video) Una humilde familia fue desalojada en Vera"},"content":{"rendered":"<p>En horas de la ma\u00f1ana se formaliz\u00f3 un mandamiento de desalojo de la humilde familia de Claudio Zamo, con dos criaturas de 9 y 11 a\u00f1os en edad escolar.<\/p>\n<p>Literalmente, sin tener lugar adonde ir, ni medios para hacerlo, quedaron con los muebles tirados en las adyacencias de calles Rivadavia y Col\u00f3n.<\/p>\n<div class=\"youtube-embed\" data-video_id=\"\"><iframe loading=\"lazy\" title=\"Una humilde familia fue desalojada en Vera\" width=\"563\" height=\"1000\" src=\"https:\/\/www.youtube.com\/embed\/FGgM5ARfFtk?feature=oembed&#038;enablejsapi=1\" frameborder=\"0\" allow=\"accelerometer; autoplay; clipboard-write; encrypted-media; gyroscope; picture-in-picture; web-share\" referrerpolicy=\"strict-origin-when-cross-origin\" allowfullscreen><\/iframe><\/div>\n<p>Hasta que un cami\u00f3n municipal los ayud\u00f3 a trasladarse con destino incierto.<\/p>\n<p>Allegados a los desalojados dijeron que el n\u00facleo fue librado a su \u201csuerte\u201d, sin tener lugar donde ir, ni medios para hacerlo y con los muebles tirados en las adyacencias de calles Rivadavia y Col\u00f3n de la ciudad de Vera.<\/p>\n<p>Tampoco habr\u00edan conseguido asistencia de parte de autoridades pol\u00edticas e institucionales de los diferentes niveles del Estado de este medio. <strong>Al parecer, de acuerdo a fuentes confiables, viv\u00edan en un terreno que era de ellos y el titular reclamaba su posesi\u00f3n.<\/strong><\/p>\n<p>En ese sentido, lamentaron que, supuestamente, no haya actuado en su resguardo la Subsecretaria de Ni\u00f1ez, Adolescencia y Familia frente a semejante orfandad.<\/p>\n<p><strong>Zamo y sus hijos atraviesan una situaci\u00f3n desesperante, en flagrante vulnerabilidad y absoluto desamparo. En medio de un clima que al caer la noche cala los huesos.<\/strong><\/p>\n","protected":false},"excerpt":{"rendered":"<p>En horas de la ma\u00f1ana se formaliz\u00f3 un mandamiento de desalojo de la humilde familia de Claudio Zamo, con dos criaturas de 9 y 11 a\u00f1os en edad escolar. Literalmente, sin tener lugar adonde ir, ni medios para hacerlo, quedaron con los muebles tirados en las adyacencias de calles Rivadavia y Col\u00f3n. Hasta que un [&hellip;]<\/p>\n","protected":false},"author":3,"featured_media":63722,"comment_status":"closed","ping_status":"closed","sticky":false,"template":"","format":"standard","meta":{"_joinchat":[],"footnotes":""},"categories":[53],"tags":[],"class_list":{"0":"post-63720","1":"post","2":"type-post","3":"status-publish","4":"format-standard","5":"has-post-thumbnail","7":"category-vera"},"_links":{"self":[{"href":"https:\/\/infovera.com.ar\/web\/wp-json\/wp\/v2\/posts\/63720","targetHints":{"allow":["GET"]}}],"collection":[{"href":"https:\/\/infovera.com.ar\/web\/wp-json\/wp\/v2\/posts"}],"about":[{"href":"https:\/\/infovera.com.ar\/web\/wp-json\/wp\/v2\/types\/post"}],"author":[{"embeddable":true,"href":"https:\/\/infovera.com.ar\/web\/wp-json\/wp\/v2\/users\/3"}],"replies":[{"embeddable":true,"href":"https:\/\/infovera.com.ar\/web\/wp-json\/wp\/v2\/comments?post=63720"}],"version-history":[{"count":0,"href":"https:\/\/infovera.com.ar\/web\/wp-json\/wp\/v2\/posts\/63720\/revisions"}],"wp:featuredmedia":[{"embeddable":true,"href":"https:\/\/infovera.com.ar\/web\/wp-json\/wp\/v2\/media\/63722"}],"wp:attachment":[{"href":"https:\/\/infovera.com.ar\/web\/wp-json\/wp\/v2\/media?parent=63720"}],"wp:term":[{"taxonomy":"category","embeddable":true,"href":"https:\/\/infovera.com.ar\/web\/wp-json\/wp\/v2\/categories?post=63720"},{"taxonomy":"post_tag","embeddable":true,"href":"https:\/\/infovera.com.ar\/web\/wp-json\/wp\/v2\/tags?post=63720"}],"curies":[{"name":"wp","href":"https:\/\/api.w.org\/{rel}","templated":true}]}}