{"id":63718,"date":"2025-06-12T08:56:15","date_gmt":"2025-06-12T11:56:15","guid":{"rendered":"https:\/\/infovera.com.ar\/web\/?p=63718"},"modified":"2025-06-12T17:31:52","modified_gmt":"2025-06-12T20:31:52","slug":"pj-santa-fe-este-fallo-es-un-ataque-directo-a-la-democracia-y-a-la-voluntad-popular","status":"publish","type":"post","link":"https:\/\/infovera.com.ar\/web\/2025\/06\/12\/pj-santa-fe-este-fallo-es-un-ataque-directo-a-la-democracia-y-a-la-voluntad-popular\/","title":{"rendered":"PJ Santa Fe: &#8220;Este fallo es un ataque directo a la democracia y a la voluntad popular&#8221;"},"content":{"rendered":"<p><strong>COMUNICADO DEL PJ SANTA FE<\/strong><\/p>\n<p><strong>Conclusiones de la reuni\u00f3n del Consejo Ejecutivo Provincial del Partido Justicialista \u2013 Distrito Santa Fe<\/strong><\/p>\n<p>Nadie est\u00e1 exento. Ni un presidente comunal, ni una legisladora o legislador de nuestra provincia est\u00e1 a salvo de ser perseguido por el solo hecho de representar intereses contrarios al poder econ\u00f3mico y pol\u00edtico que hoy gobierna.<\/p>\n<p>Desde el Partido Justicialista Distrito Santa Fe repudiamos en\u00e9rgicamente la condena a Cristina Fern\u00e1ndez de Kirchner en una causa sin pruebas, ya juzgada, que solo busca disciplinar pol\u00edticamente a quien representa al pueblo argentino.<\/p>\n<p>Este fallo, impulsado por quienes no pueden ganar con votos, representa un ataque directo a la democracia y a la voluntad popular. La celeridad con que se dict\u00f3 contrasta con la demora de causas que comprometen al poder econ\u00f3mico.<\/p>\n<p><strong>Dos de los tres jueces de la Corte Suprema aceptaron ser designados por decreto. \u00bfQu\u00e9 imparcialidad puede haber en ese contexto?<\/strong><\/p>\n<p>Rechazamos especialmente el rol de los jueces santafesinos Horacio Rosatti y Ricardo Lorenzetti, y se\u00f1alamos con firmeza a Rosatti, quien fuera parte de nuestro partido y hoy act\u00faa en contra de sus principios fundamentales.<\/p>\n<p>Nos preocupa profundamente la postura p\u00fablica del gobernador Maximiliano Pullaro, cuyas declaraciones no solo desinforman, sino que anticipan una posible persecuci\u00f3n judicial en Santa Fe contra quienes defiendan los intereses del pueblo.<\/p>\n<p>Por eso, desde el PJ Santa Fe adherimos a la convocatoria nacional del Partido Justicialista y anunciamos la conformaci\u00f3n de una Mesa de Acci\u00f3n junto a partidos aliados, organizaciones sociales y todos los sectores comprometidos con la democracia.<\/p>\n<p>No se trata solo de Cristina.<br \/>\nSe trata del pueblo.<br \/>\nUnidad, movilizaci\u00f3n y acci\u00f3n.<\/p>\n","protected":false},"excerpt":{"rendered":"<p>COMUNICADO DEL PJ SANTA FE Conclusiones de la reuni\u00f3n del Consejo Ejecutivo Provincial del Partido Justicialista \u2013 Distrito Santa Fe Nadie est\u00e1 exento. Ni un presidente comunal, ni una legisladora o legislador de nuestra provincia est\u00e1 a salvo de ser perseguido por el solo hecho de representar intereses contrarios al poder econ\u00f3mico y pol\u00edtico que [&hellip;]<\/p>\n","protected":false},"author":3,"featured_media":54643,"comment_status":"closed","ping_status":"closed","sticky":false,"template":"","format":"standard","meta":{"_joinchat":[],"footnotes":""},"categories":[60],"tags":[],"class_list":{"0":"post-63718","1":"post","2":"type-post","3":"status-publish","4":"format-standard","5":"has-post-thumbnail","7":"category-provinciales"},"_links":{"self":[{"href":"https:\/\/infovera.com.ar\/web\/wp-json\/wp\/v2\/posts\/63718","targetHints":{"allow":["GET"]}}],"collection":[{"href":"https:\/\/infovera.com.ar\/web\/wp-json\/wp\/v2\/posts"}],"about":[{"href":"https:\/\/infovera.com.ar\/web\/wp-json\/wp\/v2\/types\/post"}],"author":[{"embeddable":true,"href":"https:\/\/infovera.com.ar\/web\/wp-json\/wp\/v2\/users\/3"}],"replies":[{"embeddable":true,"href":"https:\/\/infovera.com.ar\/web\/wp-json\/wp\/v2\/comments?post=63718"}],"version-history":[{"count":0,"href":"https:\/\/infovera.com.ar\/web\/wp-json\/wp\/v2\/posts\/63718\/revisions"}],"wp:featuredmedia":[{"embeddable":true,"href":"https:\/\/infovera.com.ar\/web\/wp-json\/wp\/v2\/media\/54643"}],"wp:attachment":[{"href":"https:\/\/infovera.com.ar\/web\/wp-json\/wp\/v2\/media?parent=63718"}],"wp:term":[{"taxonomy":"category","embeddable":true,"href":"https:\/\/infovera.com.ar\/web\/wp-json\/wp\/v2\/categories?post=63718"},{"taxonomy":"post_tag","embeddable":true,"href":"https:\/\/infovera.com.ar\/web\/wp-json\/wp\/v2\/tags?post=63718"}],"curies":[{"name":"wp","href":"https:\/\/api.w.org\/{rel}","templated":true}]}}