{"id":63678,"date":"2025-06-10T17:20:26","date_gmt":"2025-06-10T20:20:26","guid":{"rendered":"https:\/\/infovera.com.ar\/web\/?p=63678"},"modified":"2025-06-10T17:20:26","modified_gmt":"2025-06-10T20:20:26","slug":"festram-convoca-a-plenario-a-los-secretarios-generales","status":"publish","type":"post","link":"https:\/\/infovera.com.ar\/web\/2025\/06\/10\/festram-convoca-a-plenario-a-los-secretarios-generales\/","title":{"rendered":"FESTRAM convoca a plenario a los Secretarios Generales"},"content":{"rendered":"<p>Evaluar\u00e1 la nueva propuesta salarial<\/p>\n<p>Como fuera anunciado, en la fecha se realiz\u00f3 una nueva reuni\u00f3n de la mesa paritaria. Existe una propuesta salarial que ser\u00e1 sometida a Plenario de Secretarios\/as Generales a realizarse el d\u00eda VIERNES 13 a la hora 10.-<\/p>\n<p>La misma consiste en un incremento salarial de un 8% sobre la escala vigente a partir del mes de Abril con una garant\u00eda m\u00ednima de bolsillo de $75.000 vigente por los meses de Abril, Mayo y Junio. Se ofrece una compensaci\u00f3n por \u00fanica vez para aquellos agentes cuyos sueldos de bolsillo en el primer trimestre hayan obtenido un incremento salarial inferior al medido por el IPEC en igual per\u00edodo.<br \/>\nSe mantienen suspendidas las medidas de fuerza hasta la realizaci\u00f3n del Plenario referido.<\/p>\n","protected":false},"excerpt":{"rendered":"<p>Evaluar\u00e1 la nueva propuesta salarial Como fuera anunciado, en la fecha se realiz\u00f3 una nueva reuni\u00f3n de la mesa paritaria. Existe una propuesta salarial que ser\u00e1 sometida a Plenario de Secretarios\/as Generales a realizarse el d\u00eda VIERNES 13 a la hora 10.- La misma consiste en un incremento salarial de un 8% sobre la escala [&hellip;]<\/p>\n","protected":false},"author":3,"featured_media":63679,"comment_status":"closed","ping_status":"closed","sticky":false,"template":"","format":"standard","meta":{"_joinchat":[],"footnotes":""},"categories":[60],"tags":[],"class_list":{"0":"post-63678","1":"post","2":"type-post","3":"status-publish","4":"format-standard","5":"has-post-thumbnail","7":"category-provinciales"},"_links":{"self":[{"href":"https:\/\/infovera.com.ar\/web\/wp-json\/wp\/v2\/posts\/63678","targetHints":{"allow":["GET"]}}],"collection":[{"href":"https:\/\/infovera.com.ar\/web\/wp-json\/wp\/v2\/posts"}],"about":[{"href":"https:\/\/infovera.com.ar\/web\/wp-json\/wp\/v2\/types\/post"}],"author":[{"embeddable":true,"href":"https:\/\/infovera.com.ar\/web\/wp-json\/wp\/v2\/users\/3"}],"replies":[{"embeddable":true,"href":"https:\/\/infovera.com.ar\/web\/wp-json\/wp\/v2\/comments?post=63678"}],"version-history":[{"count":0,"href":"https:\/\/infovera.com.ar\/web\/wp-json\/wp\/v2\/posts\/63678\/revisions"}],"wp:featuredmedia":[{"embeddable":true,"href":"https:\/\/infovera.com.ar\/web\/wp-json\/wp\/v2\/media\/63679"}],"wp:attachment":[{"href":"https:\/\/infovera.com.ar\/web\/wp-json\/wp\/v2\/media?parent=63678"}],"wp:term":[{"taxonomy":"category","embeddable":true,"href":"https:\/\/infovera.com.ar\/web\/wp-json\/wp\/v2\/categories?post=63678"},{"taxonomy":"post_tag","embeddable":true,"href":"https:\/\/infovera.com.ar\/web\/wp-json\/wp\/v2\/tags?post=63678"}],"curies":[{"name":"wp","href":"https:\/\/api.w.org\/{rel}","templated":true}]}}