{"id":63671,"date":"2025-06-10T05:37:31","date_gmt":"2025-06-10T08:37:31","guid":{"rendered":"https:\/\/infovera.com.ar\/web\/?p=63671"},"modified":"2025-06-11T12:18:23","modified_gmt":"2025-06-11T15:18:23","slug":"la-provincia-lanzo-una-formacion-en-educacion-vial-para-docentes","status":"publish","type":"post","link":"https:\/\/infovera.com.ar\/web\/2025\/06\/10\/la-provincia-lanzo-una-formacion-en-educacion-vial-para-docentes\/","title":{"rendered":"La Provincia lanz\u00f3 una formaci\u00f3n en Educaci\u00f3n Vial para docentes"},"content":{"rendered":"<p><strong>En el marco del D\u00eda Nacional de la Seguridad Vial la APSV present\u00f3 un curso virtual para docentes con contenidos de seguridad vial para trabajar en el aula con los alumnos de todos los niveles. Adem\u00e1s se realizaron m\u00faltiples actividades para conmemorar este d\u00eda.<\/strong><\/p>\n<p>El 10 de junio se celebra cada a\u00f1o en nuestro pa\u00eds el D\u00eda Nacional de la Seguridad Vial, una fecha que permite reflexionar sobre la forma en que conducimos y nos movemos por el espacio p\u00fablico. Por ello, en conjunto con el Ministerio de Educaci\u00f3n de Santa Fe, la Agencia Provincial de Seguridad Vial (APSV) lanz\u00f3 el curso \u201cHerramientas para el abordaje de la Educaci\u00f3n Vial en las escuelas\u201d. Dicho lanzamiento fue acompa\u00f1ado por actividades l\u00fadicas en las que participaron un jard\u00edn y una escuela de Rosario. Adem\u00e1s, en conjunto con la Municipalidad de Rosario, se llev\u00f3 a cabo una Cl\u00ednica de Conducci\u00f3n Segura de Motos para alumnos del ISEF (Instituto de Educaci\u00f3n Superior de Educaci\u00f3n F\u00edsica) de la ciudad.<\/p>\n<p>\u201cHoy es un d\u00eda importante para la seguridad vial que nos permite trabajar la prevenci\u00f3n desde distintas estrategias como la educaci\u00f3n, el control y la concientizaci\u00f3n. El objetivo de esta fecha es promover la educaci\u00f3n vial y la toma de conciencia sobre la importancia de la seguridad en el tr\u00e1nsito\u201d, sostuvo el Secretario de APSV Carlos Torres.<\/p>\n<p><strong>Nueva instancia de formaci\u00f3n docente<\/strong><\/p>\n<p>El Ministerio de Educaci\u00f3n de la Provincia y la Agencia Provincial de Seguridad Vial lanzaron la formaci\u00f3n virtual y autoasistida \u201cHerramientas para el abordaje de la educaci\u00f3n vial\u201d, destinada a docentes de toda la provincia, en el marco de la Red de Comunidades de Aprendizaje que promueve capacitaciones y proyectos educativos junto a distintas instituciones. La presentaci\u00f3n se dio como parte de la celebraci\u00f3n del D\u00eda Nacional de la Seguridad Vial en el Jard\u00edn de Infantes N\u00b0 46 \u201cDr. Albert Schweitzer\u201d de la ciudad de Rosario donde se realiz\u00f3 una jornada de trabajo con alumnos de las salas de Nivel Inicial de la Escuela Primaria N\u00b0109 \u201cJuan Chassaing\u201d y sus familias.<\/p>\n<p>El curso se trata de una propuesta integral para reflexionar sobre la convivencia vial m\u00e1s all\u00e1 de las normas, entendiendo la calle como un espacio de interacci\u00f3n social desde una \u00f3ptica integral. Sebasti\u00e1n Kelman, Director de Formaci\u00f3n y Divulgaci\u00f3n y Observatorio Vial de la APSV, se\u00f1al\u00f3: \u201cLa formaci\u00f3n fue dise\u00f1ada por nuestro personal especializado y responde a una l\u00f3gica interdisciplinaria en la que se trata el espacio p\u00fablico y el rol de los ciudadanos en \u00e9l\u201d.<\/p>\n<p>La propuesta est\u00e1 organizada en 4 m\u00f3dulos de manera autoasistida, y ofrece herramientas did\u00e1cticas y metodol\u00f3gicas para adaptar los contenidos a los distintos niveles del sistema educativo. A su vez, el cursado completo otorga puntaje.<\/p>\n<p>\u201cEsta formaci\u00f3n se presenta como una instancia para acompa\u00f1ar el dise\u00f1o y desarrollo de proyectos de la Comunidad de Convivencia relacionados con la convivencia vial, para reflexionar desde una mirada integral, reconociendo la complejidad del espacio p\u00fablico y las m\u00faltiples interacciones que all\u00ed se desarrollan, en contraposici\u00f3n a enfoques que reducen la problem\u00e1tica \u00fanicamente a normas de tr\u00e1nsito y veh\u00edculos. La formaci\u00f3n responde a una l\u00f3gica de transversalidad en la construcci\u00f3n de saberes, porque cada \u00e1rea o disciplina aporta una mirada particular sobre el mismo objeto de estudio: el espacio p\u00fablico y el rol de los ciudadanos en \u00e9l\u201d, afirm\u00f3 Carolina Piedrabuena, Secretaria de Educaci\u00f3n de la provincia.<\/p>\n<p>La inscripci\u00f3n est\u00e1 abierta hasta el 16 de junio y los interesados pueden hacerlo a trav\u00e9s del Campus Educativo de la Provincia, con modalidad asincr\u00f3nica y 12 horas de duraci\u00f3n.<\/p>\n<p>Link de inscripci\u00f3n: Campus educativo <a href=\"http:\/\/(https:\/\/campuseducativo.santafe.edu.ar\/herramientas-para-el-abordaje-de-la-educacion-vial-en-el-aula\/)\">(https:\/\/campuseducativo.santafe.edu.ar\/herramientas-para-el-abordaje-de-la-educacion-vial-en-el-aula\/)<\/a><\/p>\n<p><strong>Cl\u00ednica de Conducci\u00f3n Segura de Motos<\/strong><\/p>\n<p>Junto con la secretar\u00eda de Control y Convivencia, a trav\u00e9s de la Direcci\u00f3n General de Tr\u00e1nsito, la la Agencia Provincial de Seguridad Vial realiz\u00f3 el taller de cl\u00ednica de conducci\u00f3n segura de moto, con entrega de cascos a los asistentes para alumnos del ISEF N\u00ba 11. Se llev\u00f3 a cabo una jornada integral sobre seguridad del Motociclista con charlas informativas y luego la Cl\u00ednica con canje de cascos.<\/p>\n<p>Los usuarios de motoveh\u00edculos son considerados actores vulnerables del espacio vial y una problem\u00e1tica grave en todo el pa\u00eds. Este grupo registra elevadas tasas de siniestralidad que incluye fatalidad y heridos graves que alcanzan el 63,3% del total. El 47 % de las personas que fallecieron en siniestros viales en 2023 eran conductores de moto. La mayor\u00eda de estos siniestros se produce en \u00e1reas urbanas, de ah\u00ed la importancia de trabajar en forma articulada con los municipios.<\/p>\n<p>A modo de cierre, se realiz\u00f3 una entrega de cascos nuevos a los participantes, canj\u00e9andolos por usados en mal estado o vencidos, remarcando la importancia de la responsabilidad personal y comunitaria en la seguridad vial, promoviendo la adopci\u00f3n de comportamientos seguros y el respeto de las normas de tr\u00e1nsito como parte de una cultura de conducci\u00f3n responsable.<\/p>\n","protected":false},"excerpt":{"rendered":"<p>En el marco del D\u00eda Nacional de la Seguridad Vial la APSV present\u00f3 un curso virtual para docentes con contenidos de seguridad vial para trabajar en el aula con los alumnos de todos los niveles. Adem\u00e1s se realizaron m\u00faltiples actividades para conmemorar este d\u00eda. El 10 de junio se celebra cada a\u00f1o en nuestro pa\u00eds [&hellip;]<\/p>\n","protected":false},"author":3,"featured_media":63672,"comment_status":"closed","ping_status":"closed","sticky":false,"template":"","format":"standard","meta":{"_joinchat":[],"footnotes":""},"categories":[60],"tags":[],"class_list":{"0":"post-63671","1":"post","2":"type-post","3":"status-publish","4":"format-standard","5":"has-post-thumbnail","7":"category-provinciales"},"_links":{"self":[{"href":"https:\/\/infovera.com.ar\/web\/wp-json\/wp\/v2\/posts\/63671","targetHints":{"allow":["GET"]}}],"collection":[{"href":"https:\/\/infovera.com.ar\/web\/wp-json\/wp\/v2\/posts"}],"about":[{"href":"https:\/\/infovera.com.ar\/web\/wp-json\/wp\/v2\/types\/post"}],"author":[{"embeddable":true,"href":"https:\/\/infovera.com.ar\/web\/wp-json\/wp\/v2\/users\/3"}],"replies":[{"embeddable":true,"href":"https:\/\/infovera.com.ar\/web\/wp-json\/wp\/v2\/comments?post=63671"}],"version-history":[{"count":0,"href":"https:\/\/infovera.com.ar\/web\/wp-json\/wp\/v2\/posts\/63671\/revisions"}],"wp:featuredmedia":[{"embeddable":true,"href":"https:\/\/infovera.com.ar\/web\/wp-json\/wp\/v2\/media\/63672"}],"wp:attachment":[{"href":"https:\/\/infovera.com.ar\/web\/wp-json\/wp\/v2\/media?parent=63671"}],"wp:term":[{"taxonomy":"category","embeddable":true,"href":"https:\/\/infovera.com.ar\/web\/wp-json\/wp\/v2\/categories?post=63671"},{"taxonomy":"post_tag","embeddable":true,"href":"https:\/\/infovera.com.ar\/web\/wp-json\/wp\/v2\/tags?post=63671"}],"curies":[{"name":"wp","href":"https:\/\/api.w.org\/{rel}","templated":true}]}}