{"id":63668,"date":"2025-06-10T09:11:36","date_gmt":"2025-06-10T12:11:36","guid":{"rendered":"https:\/\/infovera.com.ar\/web\/?p=63668"},"modified":"2025-06-10T09:11:36","modified_gmt":"2025-06-10T12:11:36","slug":"un-joven-fue-detenido-por-robar-herramientas-que-estaban-adentro-de-un-auto","status":"publish","type":"post","link":"https:\/\/infovera.com.ar\/web\/2025\/06\/10\/un-joven-fue-detenido-por-robar-herramientas-que-estaban-adentro-de-un-auto\/","title":{"rendered":"Un joven fue detenido por robar herramientas que estaban adentro de un auto"},"content":{"rendered":"<p><strong>La Polic\u00eda de la Unidad Regional XIX de Vera logr\u00f3 aprehender a un joven de 20 a\u00f1os, quien fue sorprendido en actitud sospechosa en la intersecci\u00f3n de calles Rosario y Catamarca.<\/strong><\/p>\n<p>Seg\u00fan informaron fuentes policiales, el sospechoso arroj\u00f3 varios objetos en la v\u00eda p\u00fablica al notar la presencia policial y se dio a la fuga. Sin embargo, fue aprehendido y trasladado a la sede policial.<\/p>\n<p>Entre los objetos secuestrados se encontraban pinzas, un taladro, un cable USB y otros cables. Posteriormente, se estableci\u00f3 que estos elementos eran propiedad de un vecino de la zona, quien los hab\u00eda denunciado como sustra\u00eddos desde el interior de su autom\u00f3vil.<\/p>\n<p>El damnificado reconoci\u00f3 los objetos como de su propiedad, y el sujeto aprehendido fue alojado en la secci\u00f3n alcaida de la Unidad Regional XIX. La Unidad Fiscal de Instrucci\u00f3n (UFI) N\u00ba 4 de Vera est\u00e1 a cargo de la investigaci\u00f3n.<\/p>\n","protected":false},"excerpt":{"rendered":"<p>La Polic\u00eda de la Unidad Regional XIX de Vera logr\u00f3 aprehender a un joven de 20 a\u00f1os, quien fue sorprendido en actitud sospechosa en la intersecci\u00f3n de calles Rosario y Catamarca. Seg\u00fan informaron fuentes policiales, el sospechoso arroj\u00f3 varios objetos en la v\u00eda p\u00fablica al notar la presencia policial y se dio a la fuga. [&hellip;]<\/p>\n","protected":false},"author":3,"featured_media":63669,"comment_status":"closed","ping_status":"closed","sticky":false,"template":"","format":"standard","meta":{"_joinchat":[],"footnotes":""},"categories":[30,53],"tags":[],"class_list":{"0":"post-63668","1":"post","2":"type-post","3":"status-publish","4":"format-standard","5":"has-post-thumbnail","7":"category-policiales","8":"category-vera"},"_links":{"self":[{"href":"https:\/\/infovera.com.ar\/web\/wp-json\/wp\/v2\/posts\/63668","targetHints":{"allow":["GET"]}}],"collection":[{"href":"https:\/\/infovera.com.ar\/web\/wp-json\/wp\/v2\/posts"}],"about":[{"href":"https:\/\/infovera.com.ar\/web\/wp-json\/wp\/v2\/types\/post"}],"author":[{"embeddable":true,"href":"https:\/\/infovera.com.ar\/web\/wp-json\/wp\/v2\/users\/3"}],"replies":[{"embeddable":true,"href":"https:\/\/infovera.com.ar\/web\/wp-json\/wp\/v2\/comments?post=63668"}],"version-history":[{"count":0,"href":"https:\/\/infovera.com.ar\/web\/wp-json\/wp\/v2\/posts\/63668\/revisions"}],"wp:featuredmedia":[{"embeddable":true,"href":"https:\/\/infovera.com.ar\/web\/wp-json\/wp\/v2\/media\/63669"}],"wp:attachment":[{"href":"https:\/\/infovera.com.ar\/web\/wp-json\/wp\/v2\/media?parent=63668"}],"wp:term":[{"taxonomy":"category","embeddable":true,"href":"https:\/\/infovera.com.ar\/web\/wp-json\/wp\/v2\/categories?post=63668"},{"taxonomy":"post_tag","embeddable":true,"href":"https:\/\/infovera.com.ar\/web\/wp-json\/wp\/v2\/tags?post=63668"}],"curies":[{"name":"wp","href":"https:\/\/api.w.org\/{rel}","templated":true}]}}