{"id":63650,"date":"2025-06-09T16:51:01","date_gmt":"2025-06-09T19:51:01","guid":{"rendered":"https:\/\/infovera.com.ar\/web\/?p=63650"},"modified":"2025-06-10T19:11:47","modified_gmt":"2025-06-10T22:11:47","slug":"ariel-bermudez-celebro-el-comienzo-del-primer-juicio-por-jurado","status":"publish","type":"post","link":"https:\/\/infovera.com.ar\/web\/2025\/06\/09\/ariel-bermudez-celebro-el-comienzo-del-primer-juicio-por-jurado\/","title":{"rendered":"Ariel Berm\u00fadez celebr\u00f3 el comienzo del primer juicio por jurado"},"content":{"rendered":"<p><strong>El diputado provincial de CREO y unos de los autores del proyecto de Ley, mostr\u00f3 entusiasmo por el desarrollo de la primera jornada con modalidad de jurado ciudadano.<\/strong><\/p>\n<p>Este lunes Santa Fe hizo historia al desarrollar el primer juicio por jurado en la ciudad de<br \/>\nSan Crist\u00f3bal. En ese marco, Ariel Berm\u00fadez, uno de los principales defensores de esta<br \/>\nLey, brind\u00f3 declaraciones celebrando este paso para la provincia.<\/p>\n<p>\u201cEste 9 de junio sin dudas es un d\u00eda que quedar\u00e1 para la historia. Por primera vez un jurado conformado por 12 ciudadanos comunes determinar\u00e1 la culpabilidad o no del acusado, una decisi\u00f3n que hasta el momento estaba dictada por un tribunal de jueces\u201d, remarc\u00f3 Berm\u00fadez.<\/p>\n<p>El diputado de CREO destac\u00f3 el recorrido que hizo la legislaci\u00f3n para que hoy sea una<br \/>\nrealidad: \u201cPasaron 12 a\u00f1os desde que present\u00e9 este proyecto por primera vez en la C\u00e1mara<br \/>\nde Diputados y Diputadas, logramos su media sanci\u00f3n en varias oportunidades pero<br \/>\nsiempre quedaba estancado en el Senado. En marzo del a\u00f1o pasado, con la decisi\u00f3n<br \/>\ntambi\u00e9n del gobernador Maximiliano Pullaro, logramos un consenso para que Santa Fe<br \/>\ntenga Juicio por jurado. Esto permite que en casos de homicidio calificado, crimenes de<br \/>\nodio, abuso sexual seguido de muerte, robo seguido de muerte y de enfrentamientos que<br \/>\ninvolucren a fuerzas de Seguridad, el veredicto sobre la culpabilidad o inocencia del o los<br \/>\nacusados sea determinada por un jurado de 12 integrantes y dos suplentes, con diversidad<br \/>\nde edad y g\u00e9nero\u201d.<\/p>\n<p><strong>El caso: homicidio culposo y tentativa de femicidio<\/strong><\/p>\n<p>El acusado es Rub\u00e9n Alberto Ulrich, de 58 a\u00f1os, imputado por asesinar al entonces novio<br \/>\nde su expareja en la localidad de Monigotes, un peque\u00f1o pueblo ubicado a unos 200<br \/>\nkil\u00f3metros de la capital provincial.<\/p>\n<p><a href=\"https:\/\/infovera.com.ar\/web\/wp-content\/uploads\/2025\/06\/juicio-1.jpg\"><img loading=\"lazy\" decoding=\"async\" class=\"alignleft size-full wp-image-63651\" src=\"https:\/\/infovera.com.ar\/web\/wp-content\/uploads\/2025\/06\/juicio-1.jpg\" alt=\"\" width=\"1600\" height=\"1066\" srcset=\"https:\/\/infovera.com.ar\/web\/wp-content\/uploads\/2025\/06\/juicio-1.jpg 1600w, https:\/\/infovera.com.ar\/web\/wp-content\/uploads\/2025\/06\/juicio-1-696x464.jpg 696w, https:\/\/infovera.com.ar\/web\/wp-content\/uploads\/2025\/06\/juicio-1-1068x712.jpg 1068w, https:\/\/infovera.com.ar\/web\/wp-content\/uploads\/2025\/06\/juicio-1-630x420.jpg 630w\" sizes=\"auto, (max-width: 1600px) 100vw, 1600px\" \/><\/a><\/p>\n","protected":false},"excerpt":{"rendered":"<p>El diputado provincial de CREO y unos de los autores del proyecto de Ley, mostr\u00f3 entusiasmo por el desarrollo de la primera jornada con modalidad de jurado ciudadano. Este lunes Santa Fe hizo historia al desarrollar el primer juicio por jurado en la ciudad de San Crist\u00f3bal. En ese marco, Ariel Berm\u00fadez, uno de los [&hellip;]<\/p>\n","protected":false},"author":3,"featured_media":63652,"comment_status":"closed","ping_status":"closed","sticky":false,"template":"","format":"standard","meta":{"_joinchat":[],"footnotes":""},"categories":[60],"tags":[],"class_list":{"0":"post-63650","1":"post","2":"type-post","3":"status-publish","4":"format-standard","5":"has-post-thumbnail","7":"category-provinciales"},"_links":{"self":[{"href":"https:\/\/infovera.com.ar\/web\/wp-json\/wp\/v2\/posts\/63650","targetHints":{"allow":["GET"]}}],"collection":[{"href":"https:\/\/infovera.com.ar\/web\/wp-json\/wp\/v2\/posts"}],"about":[{"href":"https:\/\/infovera.com.ar\/web\/wp-json\/wp\/v2\/types\/post"}],"author":[{"embeddable":true,"href":"https:\/\/infovera.com.ar\/web\/wp-json\/wp\/v2\/users\/3"}],"replies":[{"embeddable":true,"href":"https:\/\/infovera.com.ar\/web\/wp-json\/wp\/v2\/comments?post=63650"}],"version-history":[{"count":0,"href":"https:\/\/infovera.com.ar\/web\/wp-json\/wp\/v2\/posts\/63650\/revisions"}],"wp:featuredmedia":[{"embeddable":true,"href":"https:\/\/infovera.com.ar\/web\/wp-json\/wp\/v2\/media\/63652"}],"wp:attachment":[{"href":"https:\/\/infovera.com.ar\/web\/wp-json\/wp\/v2\/media?parent=63650"}],"wp:term":[{"taxonomy":"category","embeddable":true,"href":"https:\/\/infovera.com.ar\/web\/wp-json\/wp\/v2\/categories?post=63650"},{"taxonomy":"post_tag","embeddable":true,"href":"https:\/\/infovera.com.ar\/web\/wp-json\/wp\/v2\/tags?post=63650"}],"curies":[{"name":"wp","href":"https:\/\/api.w.org\/{rel}","templated":true}]}}