{"id":63645,"date":"2025-06-09T14:04:57","date_gmt":"2025-06-09T17:04:57","guid":{"rendered":"https:\/\/infovera.com.ar\/web\/?p=63645"},"modified":"2025-06-10T09:46:05","modified_gmt":"2025-06-10T12:46:05","slug":"el-ejecutivo-oficializo-la-designacion-de-4-fiscales-para-el-noreste-santafesino","status":"publish","type":"post","link":"https:\/\/infovera.com.ar\/web\/2025\/06\/09\/el-ejecutivo-oficializo-la-designacion-de-4-fiscales-para-el-noreste-santafesino\/","title":{"rendered":"El Ejecutivo oficializ\u00f3 la designaci\u00f3n de 4 fiscales para el noreste santafesino"},"content":{"rendered":"<p><strong>Mediante el Decreto N.\u00ba 1176 fechado el 22 de mayo de 2025 y firmado por el gobernador Maximiliano Pullaro, el Poder Ejecutivo de la Provincia de Santa Fe oficializ\u00f3 la designaci\u00f3n de Fiscales Adjuntos Subrogantes del Ministerio P\u00fablico de la Acusaci\u00f3n (MPA) para las cinco circunscripciones judiciales del territorio provincial.<\/strong><\/p>\n<p>Esta medida se realiz\u00f3 conforme a la propuesta formulada por el Ejecutivo a trav\u00e9s del Mensaje N.\u00ba 02\/2025.<\/p>\n<p><strong>Circunscripci\u00f3n Judicial N.\u00ba 1<\/strong><\/p>\n<p>Abogada GALEANO, Vivian Ester (Clase 1985 \u2013 M.I. 31.628.905)<br \/>\nAbogada HAEFFELI, Mar\u00eda Rosario (Clase 1989 \u2013 M.I. 34.299.219)<br \/>\nAbogada MONTEGROSSO, Daniela Soledad (Clase 1987 \u2013 M.I. 33.111.612)<\/p>\n<p><strong>Circunscripci\u00f3n Judicial N.\u00ba 2<\/strong><\/p>\n<p>Abogada ADDOUMIE, Ivana (Clase 1990 \u2013 M.I. 35.022.480)<br \/>\nAbogada BANCHIO, Mercedes (Clase 1993 \u2013 M.I. 36.659.696)<br \/>\nAbogado BARUCCA, Leonardo Jos\u00e9 (Clase 1989 \u2013 M.I. 34.173.145)<br \/>\nAbogado BERNARDI, Am\u00edlcar Carlos (Clase 1991 \u2013 M.I. 35.644.466)<br \/>\nAbogado CARON, Alejandro (Clase 1993 \u2013 M.I. 36.659.000)<br \/>\nAbogada CHERARA, Georgina (Clase 1994 \u2013 M.I. 37.573.183)<br \/>\nAbogada DALCOL, Mar\u00eda Manuela (Clase 1992 \u2013 M.I. 35.699.246)<br \/>\nAbogado DUCASSE, Ernesto Juan Manuel (Clase 1992 \u2013 M.I. 36.893.661)<br \/>\nAbogada FERTITTA, Agustina (Clase 1990 \u2013 M.I. 35.128.480)<br \/>\nAbogada GUSSO, Mariela Ver\u00f3nica (Clase 1987 \u2013 M.I. 33.070.112)<br \/>\nAbogado HUESO, Ignacio Andr\u00e9s (Clase 1993 \u2013 M.I. 37.336.148)<br \/>\nAbogada MARCOLIN LOBERSE, Mar\u00eda Cecilia (Clase 1991 \u2013 M.I. 36.519.697)<br \/>\nAbogado MART\u00cdNEZ, Ramiro (Clase 1994 \u2013 M.I. 37.797.336)<br \/>\nAbogado MOUTIN, Pol Ren\u00e9 (Clase 1985 \u2013 M.I. 31.565.707)<br \/>\nAbogado OGGERO GENTINETTA, Juan Pablo (Clase 1989 \u2013 M.I. 34.720.065)<br \/>\nAbogada RANCIARI, Carla Soledad (Clase 1990 \u2013 M.I. 35.130.629)<br \/>\nAbogada RICCARDO, Mar\u00eda Laura (Clase 1990 \u2013 M.I. 34.525.686)<br \/>\nAbogado ROL\u00d3N, Nicol\u00e1s Luis (Clase 1986 \u2013 M.I. 32.295.447)<br \/>\nAbogado SANGUINETTI, Mart\u00edn Oscar (Clase 1985 \u2013 M.I. 31.516.347)<br \/>\nAbogado TASSINI, Franco Leonel (Clase 1992 \u2013 M.I. 37.041.577)<br \/>\nAbogada VALENTE, Antonela In\u00e9s (Clase 1988 \u2013 M.I. 34.215.583)<br \/>\nAbogada VIGNA, Victoria (Clase 1993 \u2013 M.I. 37.448.429)<\/p>\n<p><strong>Circunscripci\u00f3n Judicial N.\u00ba 3<\/strong><\/p>\n<p>Abogada ARCANGIOLI, Lorena Paola (Clase 1985 \u2013 M.I. 31.386.733)<br \/>\nAbogada BARUCCA, Larisa Celeste (Clase 1985 \u2013 M.I. 31.385.792)<br \/>\nAbogada DEL GRECCO, Luciana (Clase 1988 \u2013 M.I. 32.902.645)<br \/>\nAbogado LAGIOIA, Luis Ricardo Jes\u00fas (Clase 1993 \u2013 M.I. 37.295.066)<br \/>\nAbogada STAMPELLA, Ana Bel\u00e9n (Clase 1985 \u2013 M.I. 31.741.853)<br \/>\nAbogada VALENTIN, D\u00e9bora Vanesa (Clase 1983 \u2013 M.I. 29.977.383)<\/p>\n<p><strong>Circunscripci\u00f3n Judicial N.\u00ba 4<\/strong><\/p>\n<p>Abogado AGUILAR, Leandro David (Clase 1975 \u2013 M.I. 24.475.712)<br \/>\nAbogada AGUIRRE, Elizabet Miriam (Clase 1986 \u2013 M.I. 32.177.120)<br \/>\nAbogada CHIAVARINI, Luciana Violeta (Clase 1988 \u2013 M.I. 34.147.795)<br \/>\nAbogado GALLEANO, Sebasti\u00e1n (Clase 1985 \u2013 M.I. 31.873.888)<\/p>\n<p><strong>Circunscripci\u00f3n Judicial N.\u00ba 5<\/strong><\/p>\n<p>Abogada ABREU, Anal\u00eda Elizabeth (Clase 1987 \u2013 M.I. 33.544.420)<br \/>\nAbogado MACHADO, Pedro Ignacio (Clase 1983 \u2013 M.I. 30.232.181)<br \/>\nAbogado ODRIOZOLA, Emiliano Mart\u00edn (Clase 1993 \u2013 M.I. 37.283.242)<br \/>\nAbogado SORIA, Adri\u00e1n Dar\u00edo (Clase 1967 \u2013 M.I. 18.413.474)<\/p>\n<p>Estas designaciones refuerzan el esquema de actuaci\u00f3n del Ministerio P\u00fablico de la Acusaci\u00f3n, un \u00f3rgano clave en la investigaci\u00f3n penal preparatoria en la provincia. Los fiscales adjuntos subrogantes cumplen un rol operativo fundamental ante vacancias, licencias o sobrecarga de causas en el sistema.<\/p>\n","protected":false},"excerpt":{"rendered":"<p>Mediante el Decreto N.\u00ba 1176 fechado el 22 de mayo de 2025 y firmado por el gobernador Maximiliano Pullaro, el Poder Ejecutivo de la Provincia de Santa Fe oficializ\u00f3 la designaci\u00f3n de Fiscales Adjuntos Subrogantes del Ministerio P\u00fablico de la Acusaci\u00f3n (MPA) para las cinco circunscripciones judiciales del territorio provincial. Esta medida se realiz\u00f3 conforme [&hellip;]<\/p>\n","protected":false},"author":3,"featured_media":63646,"comment_status":"closed","ping_status":"closed","sticky":false,"template":"","format":"standard","meta":{"_joinchat":[],"footnotes":""},"categories":[60],"tags":[],"class_list":{"0":"post-63645","1":"post","2":"type-post","3":"status-publish","4":"format-standard","5":"has-post-thumbnail","7":"category-provinciales"},"_links":{"self":[{"href":"https:\/\/infovera.com.ar\/web\/wp-json\/wp\/v2\/posts\/63645","targetHints":{"allow":["GET"]}}],"collection":[{"href":"https:\/\/infovera.com.ar\/web\/wp-json\/wp\/v2\/posts"}],"about":[{"href":"https:\/\/infovera.com.ar\/web\/wp-json\/wp\/v2\/types\/post"}],"author":[{"embeddable":true,"href":"https:\/\/infovera.com.ar\/web\/wp-json\/wp\/v2\/users\/3"}],"replies":[{"embeddable":true,"href":"https:\/\/infovera.com.ar\/web\/wp-json\/wp\/v2\/comments?post=63645"}],"version-history":[{"count":0,"href":"https:\/\/infovera.com.ar\/web\/wp-json\/wp\/v2\/posts\/63645\/revisions"}],"wp:featuredmedia":[{"embeddable":true,"href":"https:\/\/infovera.com.ar\/web\/wp-json\/wp\/v2\/media\/63646"}],"wp:attachment":[{"href":"https:\/\/infovera.com.ar\/web\/wp-json\/wp\/v2\/media?parent=63645"}],"wp:term":[{"taxonomy":"category","embeddable":true,"href":"https:\/\/infovera.com.ar\/web\/wp-json\/wp\/v2\/categories?post=63645"},{"taxonomy":"post_tag","embeddable":true,"href":"https:\/\/infovera.com.ar\/web\/wp-json\/wp\/v2\/tags?post=63645"}],"curies":[{"name":"wp","href":"https:\/\/api.w.org\/{rel}","templated":true}]}}