{"id":63641,"date":"2025-06-09T13:37:53","date_gmt":"2025-06-09T16:37:53","guid":{"rendered":"https:\/\/infovera.com.ar\/web\/?p=63641"},"modified":"2025-06-09T16:55:15","modified_gmt":"2025-06-09T19:55:15","slug":"creditos-nido-nuevos-beneficiados-del-dpto-vera-en-el-sorteo-de-junio","status":"publish","type":"post","link":"https:\/\/infovera.com.ar\/web\/2025\/06\/09\/creditos-nido-nuevos-beneficiados-del-dpto-vera-en-el-sorteo-de-junio\/","title":{"rendered":"Cr\u00e9ditos Nido: nuevos beneficiados del Dpto. Vera en el sorteo de junio"},"content":{"rendered":"<p><strong>Este lunes, en la sede de Loter\u00eda de la Provincia, se llev\u00f3 a cabo la primera instancia para ciudadanos de 17 departamentos santafesinos, cuyos resultados ya pueden consultarse en la web oficial del Gobierno. Este martes, desde las 7.15, se completar\u00e1 esta nueva edici\u00f3n con los inscriptos pertenecientes a Rosario y La Capital.\u00a0<\/strong><\/p>\n<p>El Gobierno de la Provincia llev\u00f3 a cabo este lunes, en la sede de Loter\u00eda de Santa Fe, la primera instancia del sorteo N\u00ba 11 de cr\u00e9ditos hipotecarios Nido correspondientes a inscriptos de 17 departamentos santafesinos; en tanto este martes 10 por la ma\u00f1ana se completar\u00e1 la und\u00e9cima edici\u00f3n con los correspondientes a los departamentos Rosario y La Capital. En total, de ambas jornadas participan 39.956 ciudadanos y ciudadanas.<\/p>\n<p><a href=\"https:\/\/infovera.com.ar\/web\/wp-content\/uploads\/2025\/06\/era.png\"><img loading=\"lazy\" decoding=\"async\" class=\"alignleft size-full wp-image-63642\" src=\"https:\/\/infovera.com.ar\/web\/wp-content\/uploads\/2025\/06\/era.png\" alt=\"\" width=\"719\" height=\"100\" srcset=\"https:\/\/infovera.com.ar\/web\/wp-content\/uploads\/2025\/06\/era.png 719w, https:\/\/infovera.com.ar\/web\/wp-content\/uploads\/2025\/06\/era-696x97.png 696w\" sizes=\"auto, (max-width: 719px) 100vw, 719px\" \/><\/a><\/p>\n<p>As\u00ed, este lunes se sortearon los cr\u00e9ditos destinados a los departamentos 9 de Julio, Belgrano, San Crist\u00f3bal, San Javier, Garay, Vera, Caseros, Iriondo, San Jer\u00f3nimo, San Justo, Constituci\u00f3n, San Mart\u00edn, Las Colonias, General L\u00f3pez, San Lorenzo, Castellanos, General Obligado. Los resultados pueden consultarse en <a href=\"http:\/\/www.santafe.gob.ar\/ms\/nidocreditoshipotecarios\">www.santafe.gob.ar\/ms\/nidocreditoshipotecarios<\/a><\/p>\n","protected":false},"excerpt":{"rendered":"<p>Este lunes, en la sede de Loter\u00eda de la Provincia, se llev\u00f3 a cabo la primera instancia para ciudadanos de 17 departamentos santafesinos, cuyos resultados ya pueden consultarse en la web oficial del Gobierno. Este martes, desde las 7.15, se completar\u00e1 esta nueva edici\u00f3n con los inscriptos pertenecientes a Rosario y La Capital.\u00a0 El Gobierno [&hellip;]<\/p>\n","protected":false},"author":3,"featured_media":63643,"comment_status":"closed","ping_status":"closed","sticky":false,"template":"","format":"standard","meta":{"_joinchat":[],"footnotes":""},"categories":[53],"tags":[],"class_list":{"0":"post-63641","1":"post","2":"type-post","3":"status-publish","4":"format-standard","5":"has-post-thumbnail","7":"category-vera"},"_links":{"self":[{"href":"https:\/\/infovera.com.ar\/web\/wp-json\/wp\/v2\/posts\/63641","targetHints":{"allow":["GET"]}}],"collection":[{"href":"https:\/\/infovera.com.ar\/web\/wp-json\/wp\/v2\/posts"}],"about":[{"href":"https:\/\/infovera.com.ar\/web\/wp-json\/wp\/v2\/types\/post"}],"author":[{"embeddable":true,"href":"https:\/\/infovera.com.ar\/web\/wp-json\/wp\/v2\/users\/3"}],"replies":[{"embeddable":true,"href":"https:\/\/infovera.com.ar\/web\/wp-json\/wp\/v2\/comments?post=63641"}],"version-history":[{"count":0,"href":"https:\/\/infovera.com.ar\/web\/wp-json\/wp\/v2\/posts\/63641\/revisions"}],"wp:featuredmedia":[{"embeddable":true,"href":"https:\/\/infovera.com.ar\/web\/wp-json\/wp\/v2\/media\/63643"}],"wp:attachment":[{"href":"https:\/\/infovera.com.ar\/web\/wp-json\/wp\/v2\/media?parent=63641"}],"wp:term":[{"taxonomy":"category","embeddable":true,"href":"https:\/\/infovera.com.ar\/web\/wp-json\/wp\/v2\/categories?post=63641"},{"taxonomy":"post_tag","embeddable":true,"href":"https:\/\/infovera.com.ar\/web\/wp-json\/wp\/v2\/tags?post=63641"}],"curies":[{"name":"wp","href":"https:\/\/api.w.org\/{rel}","templated":true}]}}