{"id":63634,"date":"2025-06-09T11:35:39","date_gmt":"2025-06-09T14:35:39","guid":{"rendered":"https:\/\/infovera.com.ar\/web\/?p=63634"},"modified":"2025-06-10T08:03:59","modified_gmt":"2025-06-10T11:03:59","slug":"santa-fe-puso-en-marcha-el-juicio-por-jurados-el-primer-caso-se-juzga-en-san-cristobal-y-trata-del-asesinato-de-un-policia","status":"publish","type":"post","link":"https:\/\/infovera.com.ar\/web\/2025\/06\/09\/santa-fe-puso-en-marcha-el-juicio-por-jurados-el-primer-caso-se-juzga-en-san-cristobal-y-trata-del-asesinato-de-un-policia\/","title":{"rendered":"Santa Fe puso en marcha el Juicio por Jurados: el primer caso se juzga en San Crist\u00f3bal y trata del asesinato de un polic\u00eda"},"content":{"rendered":"<p>El inicio se dio en los Tribunales de San Crist\u00f3bal, en el marco de un proceso por homicidio calificado y tentativa de femicidio. Participaron 12 jurados titulares y 2 suplentes, todos ciudadanos comunes. La Ley N.\u00ba 14.253, que establece esta modalidad para delitos graves, fue promulgada por el gobernador Maximiliano Pullaro en 2024. \u201cEs un avance en la participaci\u00f3n democr\u00e1tica\u201d, destacaron las autoridades.<\/p>\n<p>En un paso hist\u00f3rico hacia un modelo de justicia m\u00e1s participativo, Santa Fe puso en marcha este lunes el sistema de Juicio por Jurados. El debut tuvo lugar en los Tribunales de San Crist\u00f3bal, Circunscripci\u00f3n Judicial N.\u00ba 5, en un proceso por homicidio calificado y tentativa de femicidio, con la intervenci\u00f3n de 12 jurados titulares y 2 suplentes, todos ciudadanos seleccionados por sorteo del padr\u00f3n electoral.<\/p>\n<p>Del acto participaron el ministro de Justicia y Seguridad, Pablo Cococcioni; el secretario de Justicia, Santiago Mascheroni; el senador por el departamento San Crist\u00f3bal, Felipe Michlig; la fiscal general del Ministerio P\u00fablico de la Acusaci\u00f3n, Mar\u00eda Cecilia Vranicich; y el fiscal regional, Carlos Vottero.<\/p>\n<p>La Ley N.\u00ba 14.253, sancionada el 21 de marzo de 2024 y promulgada por el gobernador Maximiliano Pullaro el 27 de ese mes mediante el Decreto N.\u00ba 418, establece el juicio por jurados para delitos graves: homicidio calificado, abuso sexual seguido de muerte, robo seguido de muerte y enfrentamientos armados entre polic\u00edas y delincuentes.<\/p>\n<p>Participaci\u00f3n democr\u00e1tica<\/p>\n<p>Cococcioni se\u00f1al\u00f3 que la implementaci\u00f3n del Juicio por Jurados fue \u201cun largo reclamo de diversos sectores\u201d y que \u201cSanta Fe se pone en sinton\u00eda con otras provincias, comenzando por los casos m\u00e1s graves como los homicidios calificados, conforme a lo que establece la Constituci\u00f3n\u201d. Aclar\u00f3 que no se descarta su aplicaci\u00f3n futura a otros delitos.<\/p>\n<p>Mascheroni remarc\u00f3 que se trata de \u201cun avance en la participaci\u00f3n democr\u00e1tica, donde la ciudadan\u00eda juzga a sus pares\u201d. Detall\u00f3 que los delitos incluidos son cuatro: homicidio calificado, abuso sexual seguido de muerte, robo seguido de muerte y enfrentamientos entre fuerzas de seguridad y delincuentes.<\/p>\n<p>El senador Michlig, por su parte, destac\u00f3 la decisi\u00f3n pol\u00edtica del gobernador Pullaro de impulsar esta ley para \u201chacer m\u00e1s visible la justicia y lograr una mayor participaci\u00f3n ciudadana\u201d, lo que calific\u00f3 como \u201cun paso clave para mejorar el sistema judicial, fortalecer la institucionalidad y cumplir los preceptos constitucionales, en un momento en que se reclama una justicia m\u00e1s \u00e1gil y democr\u00e1tica\u201d.<\/p>\n<p>Momento institucional clave<\/p>\n<p>La fiscal general Vranicich asegur\u00f3 que desde el MPA \u201cvenimos capacit\u00e1ndonos desde hace meses porque este cambio representa un gran desaf\u00edo\u201d y afirm\u00f3 que \u201cera lo que faltaba al sistema acusatorio adversarial\u201d. Agreg\u00f3 que, a partir del 21 de junio, tambi\u00e9n se adaptar\u00e1 el sistema penal juvenil, permitiendo que los j\u00f3venes punibles sean juzgados conforme a la Constituci\u00f3n. \u201cVivimos un momento institucional muy importante\u201d, subray\u00f3.<\/p>\n<p>El fiscal regional Vottero resalt\u00f3 que \u201ccelebrar este primer Juicio por Jurados oral y p\u00fablico es un hecho hist\u00f3rico que nos involucra directamente\u201d. Explic\u00f3 que el jurado deber\u00e1 determinar la culpabilidad o no del imputado, y en caso afirmativo, el juez t\u00e9cnico aplicar\u00e1 la pena correspondiente.<\/p>\n<p>Ciudadan\u00eda activa y protegida<\/p>\n<p>El modelo prev\u00e9 12 jurados titulares y 2 suplentes, sin formaci\u00f3n jur\u00eddica ni v\u00ednculos con el Poder Judicial o las fuerzas de seguridad. Est\u00e1n excluidos abogados, escribanos, funcionarios p\u00fablicos, militares, polic\u00edas, personas con antecedentes penales, menores de edad, mayores de 76 a\u00f1os, madres lactantes y quienes tengan relaci\u00f3n directa con las partes.<\/p>\n<p>La convocatoria es una carga p\u00fablica similar al sufragio e incluye mecanismos de protecci\u00f3n: vi\u00e1ticos por traslados, resguardo laboral durante el juicio y una remuneraci\u00f3n diaria cercana a medio jus, unidad que regula los honorarios judiciales.<\/p>\n<p>Los juicios por jurado se implementar\u00e1n gradualmente en toda la provincia. Tras San Crist\u00f3bal y Rafaela, seguir\u00e1n Reconquista y Venado Tuerto, para luego avanzar en Santa Fe y Rosario.<\/p>\n<p>\u201cCon este nuevo esquema, Santa Fe da un paso trascendental hacia una justicia m\u00e1s cercana, donde la ciudadan\u00eda asume un rol activo en la resoluci\u00f3n de los conflictos penales m\u00e1s graves. Es un hecho in\u00e9dito que marca el inicio de una etapa m\u00e1s participativa, transparente y democr\u00e1tica\u201d, concluy\u00f3 Mascheroni.<\/p>\n","protected":false},"excerpt":{"rendered":"<p>El inicio se dio en los Tribunales de San Crist\u00f3bal, en el marco de un proceso por homicidio calificado y tentativa de femicidio. Participaron 12 jurados titulares y 2 suplentes, todos ciudadanos comunes. La Ley N.\u00ba 14.253, que establece esta modalidad para delitos graves, fue promulgada por el gobernador Maximiliano Pullaro en 2024. \u201cEs un [&hellip;]<\/p>\n","protected":false},"author":3,"featured_media":63635,"comment_status":"closed","ping_status":"closed","sticky":false,"template":"","format":"standard","meta":{"_joinchat":[],"footnotes":""},"categories":[60],"tags":[],"class_list":{"0":"post-63634","1":"post","2":"type-post","3":"status-publish","4":"format-standard","5":"has-post-thumbnail","7":"category-provinciales"},"_links":{"self":[{"href":"https:\/\/infovera.com.ar\/web\/wp-json\/wp\/v2\/posts\/63634","targetHints":{"allow":["GET"]}}],"collection":[{"href":"https:\/\/infovera.com.ar\/web\/wp-json\/wp\/v2\/posts"}],"about":[{"href":"https:\/\/infovera.com.ar\/web\/wp-json\/wp\/v2\/types\/post"}],"author":[{"embeddable":true,"href":"https:\/\/infovera.com.ar\/web\/wp-json\/wp\/v2\/users\/3"}],"replies":[{"embeddable":true,"href":"https:\/\/infovera.com.ar\/web\/wp-json\/wp\/v2\/comments?post=63634"}],"version-history":[{"count":0,"href":"https:\/\/infovera.com.ar\/web\/wp-json\/wp\/v2\/posts\/63634\/revisions"}],"wp:featuredmedia":[{"embeddable":true,"href":"https:\/\/infovera.com.ar\/web\/wp-json\/wp\/v2\/media\/63635"}],"wp:attachment":[{"href":"https:\/\/infovera.com.ar\/web\/wp-json\/wp\/v2\/media?parent=63634"}],"wp:term":[{"taxonomy":"category","embeddable":true,"href":"https:\/\/infovera.com.ar\/web\/wp-json\/wp\/v2\/categories?post=63634"},{"taxonomy":"post_tag","embeddable":true,"href":"https:\/\/infovera.com.ar\/web\/wp-json\/wp\/v2\/tags?post=63634"}],"curies":[{"name":"wp","href":"https:\/\/api.w.org\/{rel}","templated":true}]}}