{"id":63627,"date":"2025-06-09T06:51:29","date_gmt":"2025-06-09T09:51:29","guid":{"rendered":"https:\/\/infovera.com.ar\/web\/?p=63627"},"modified":"2025-06-09T19:39:18","modified_gmt":"2025-06-09T22:39:18","slug":"temo-por-mi-vida-y-la-de-mi-hijo-una-victima-de-intento-de-femicidio-denuncio-que-le-rompieron-los-vidrios-de-su-auto","status":"publish","type":"post","link":"https:\/\/infovera.com.ar\/web\/2025\/06\/09\/temo-por-mi-vida-y-la-de-mi-hijo-una-victima-de-intento-de-femicidio-denuncio-que-le-rompieron-los-vidrios-de-su-auto\/","title":{"rendered":"&#8220;Temo por mi vida y la de mi hijo&#8221;: una v\u00edctima de intento de femicidio denunci\u00f3 que le rompieron los vidrios de su auto"},"content":{"rendered":"<p><strong>V. LL. expuso su caso que remonta a mediados de agosto del a\u00f1o pasado. Hace unos d\u00edas, su veh\u00edculo apareci\u00f3 vandalizado frente a la Unidad Regional XIX.<\/strong><\/p>\n<p>La mujer que se desempe\u00f1a como administrativa en la central departamental de polic\u00eda vive con miedo. Teme por su vida y la de su peque\u00f1o hijo de 9 a\u00f1os. Sabe lo que es sufrir violencia de g\u00e9nero en carne propia, luego de que su marido casi la matara a palazos el a\u00f1o pasado. Ahora, padece un calvario en medio de la incertidumbre de saberse desprotegida y presa de cualquier nuevo ataque. Es que quien fuera su pareja recibi\u00f3 la autorizaci\u00f3n judicial para radicarse en la casa de los padres, algo a lo que V. LL. se hab\u00f1\u00eda opuesto ante el temor porque &#8220;se pod\u00eda escapar de ah\u00ed&#8221;.<\/p>\n<p>En comunicaci\u00f3n con <strong>InfoVera<\/strong>, relat\u00f3 la situaci\u00f3n l\u00edmite que le toco atravesar junto a su hijo el 17 de agosto de 2024. Aquel de d\u00eda invernal, en inmediaciones de calles Santa Fe y Bs. As, en el barrio San Mart\u00edn (Vera), quien fuera su pareja la atac\u00f3 con un palo con el que a golpe\u00f3 reiteradas veces al punto que se lo parti\u00f3 por su cuerpo indefenso.<\/p>\n<p><strong>Lo dej\u00f3 malherida, tendida en el piso, e intent\u00f3 atacar al nene, que tambi\u00e9n es su hijo, con el elemento contundente. Fuera de s\u00ed, a palazos revent\u00f3 los vidrios del auto.<\/strong><\/p>\n<p>Antes, le hab\u00eda roto el celular y eso la imposibilit\u00f3 de llamar a la polic\u00eda para pedir auxilio. Tuvo la suerte que unos vecinos que presenciaron la demencial paliza dieron aviso a la fuerza policial. Los m\u00f3viles de la fuerza de seguridad llegaron enseguida y detuvieron a C. L., no sin antes luchar para reducirlo debido a la resistencia que opuso.<\/p>\n<p><strong>\u201cMe quebr\u00f3 un palo peg\u00e1ndome por el cuerpo, me dio palazos y tambi\u00e9n intent\u00f3 pegarle a mi hijo de 8 a\u00f1os (hoy tiene 9) \u201d, relat\u00f3 la mujer.<\/strong><\/p>\n<p>La v\u00edctima padece artritis y explic\u00f3 que la violencia tambi\u00e9n tuvo un impacto econ\u00f3mico: \u201cPara arreglar el auto me prest\u00f3 plata mi familia y tuve que devolv\u00e9rsela. Yo tengo una moto, pero no siempre puedo usarla para ir a trabajar o llevar a mi hijo a la escuela\u201d.<\/p>\n<p><strong>Detenci\u00f3n<\/strong><\/p>\n<p>El imputado fue detenido preventivamente por un mes y medio, pero luego la defensa solicit\u00f3 la prisi\u00f3n domiciliaria en la casa de los padres, ofreciendo como cauci\u00f3n un veh\u00edculo y una suma millonaria. El pedido fue rechazado inicialmente a causa de la negativa de la mujer, que aleg\u00f3 que &#8220;se pod\u00eda escapar de ah\u00ed&#8221;. <strong>Semanas despu\u00e9s el atacante fue autorizado a cumplir arresto en la casa de una hermana, hasta que el 30 de mayo pasado la justicia le permiti\u00f3 cumplir la domiciliaria en la vivienda de sus progenitores.\u00a0<\/strong><\/p>\n<p><strong>\u201cYo me hab\u00eda opuesto porque desde esa casa se pod\u00eda escapar\u201d, sostuvo V. LL., que pasa sus d\u00edas atribulada desde que enter\u00f3 de esa novedad.<\/strong><\/p>\n<p><strong>Nuevo ataque<\/strong><\/p>\n<p>Llamativamente, pocos d\u00edas despu\u00e9s, ocurri\u00f3 un nuevo episodio que la v\u00edctima interpreta como una amenaza directa: la rotura intencional de su auto particular, que hab\u00eda quedado estacionado frente a la capilla y la Unidad Regional XIX, donde trabaja. <strong>Un ataque de iguales caracter\u00edsticas al ocurrido frente a su vivienda en 2024.<\/strong><\/p>\n<p><strong>\u201cA las 20:50 sal\u00ed de trabajar y encontr\u00e9 los vidrios estallados. Me acompa\u00f1aron efectivos de la Comisar\u00eda Primera y encontraron un pedazo de asfalto de gran tama\u00f1o dentro del veh\u00edculo con el que estallaron los vidrios. Para m\u00ed esto es una se\u00f1al\u201d.<\/strong> El hecho ocurri\u00f3 a metros de la dependencia policial, lo que genera a\u00fan m\u00e1s preocupaci\u00f3n: \u201cEso indica el grado de audacia, de imprudencia, de locura para hacer algo as\u00ed\u201d, alert\u00f3.<\/p>\n<p>\u201cTemo por mi vida, temo por la vida de mi hijo, temo por la vida de mi familia. <strong>No puedo estar tranquila en la calle, sabiendo que en cualquier momento puedo sufrir otro ataque\u201d<\/strong>.<\/p>\n<p>A pesar de que est\u00e1 vigente una medida restrictiva de acercamiento, V. LL. no est\u00e1 tranquila: &#8220;Estoy pidiendo ayuda a todos lo que puedo, tengo miedo porque estas cosas si no se frenan terminan de la peor manera.<strong> C\u00f3mo no voy a estar preocupada si corren peligros nuestras vidas&#8221;.<\/strong><\/p>\n<p>Todav\u00eda el juicio no tiene fecha fijada.<\/p>\n","protected":false},"excerpt":{"rendered":"<p>V. LL. expuso su caso que remonta a mediados de agosto del a\u00f1o pasado. Hace unos d\u00edas, su veh\u00edculo apareci\u00f3 vandalizado frente a la Unidad Regional XIX. La mujer que se desempe\u00f1a como administrativa en la central departamental de polic\u00eda vive con miedo. Teme por su vida y la de su peque\u00f1o hijo de 9 [&hellip;]<\/p>\n","protected":false},"author":3,"featured_media":63628,"comment_status":"closed","ping_status":"closed","sticky":false,"template":"","format":"standard","meta":{"_joinchat":[],"footnotes":""},"categories":[30,53],"tags":[],"class_list":{"0":"post-63627","1":"post","2":"type-post","3":"status-publish","4":"format-standard","5":"has-post-thumbnail","7":"category-policiales","8":"category-vera"},"_links":{"self":[{"href":"https:\/\/infovera.com.ar\/web\/wp-json\/wp\/v2\/posts\/63627","targetHints":{"allow":["GET"]}}],"collection":[{"href":"https:\/\/infovera.com.ar\/web\/wp-json\/wp\/v2\/posts"}],"about":[{"href":"https:\/\/infovera.com.ar\/web\/wp-json\/wp\/v2\/types\/post"}],"author":[{"embeddable":true,"href":"https:\/\/infovera.com.ar\/web\/wp-json\/wp\/v2\/users\/3"}],"replies":[{"embeddable":true,"href":"https:\/\/infovera.com.ar\/web\/wp-json\/wp\/v2\/comments?post=63627"}],"version-history":[{"count":0,"href":"https:\/\/infovera.com.ar\/web\/wp-json\/wp\/v2\/posts\/63627\/revisions"}],"wp:featuredmedia":[{"embeddable":true,"href":"https:\/\/infovera.com.ar\/web\/wp-json\/wp\/v2\/media\/63628"}],"wp:attachment":[{"href":"https:\/\/infovera.com.ar\/web\/wp-json\/wp\/v2\/media?parent=63627"}],"wp:term":[{"taxonomy":"category","embeddable":true,"href":"https:\/\/infovera.com.ar\/web\/wp-json\/wp\/v2\/categories?post=63627"},{"taxonomy":"post_tag","embeddable":true,"href":"https:\/\/infovera.com.ar\/web\/wp-json\/wp\/v2\/tags?post=63627"}],"curies":[{"name":"wp","href":"https:\/\/api.w.org\/{rel}","templated":true}]}}